{"id":24603,"date":"2023-11-17T11:47:23","date_gmt":"2023-11-17T08:47:23","guid":{"rendered":"https:\/\/onlinetranslators.de\/news\/nachrichten\/long-covid-ausschuss-beschliest-100-millionen-euro-fur-forschung\/"},"modified":"2023-11-17T11:47:23","modified_gmt":"2023-11-17T08:47:23","slug":"long-covid-ausschuss-beschliest-100-millionen-euro-fur-forschung","status":"publish","type":"post","link":"https:\/\/onlinetranslators.de\/news\/nachrichten\/long-covid-ausschuss-beschliest-100-millionen-euro-fur-forschung\/","title":{"rendered":"Long Covid: Ausschuss beschlie\u00dft 100 Millionen Euro f\u00fcr Forschung"},"content":{"rendered":"<p class=\"caps\">Der Haushaltsausschuss im Bundestag hat in seiner Bereinigungssitzung zus\u00e4tzliche Gelder f\u00fcr die Long-Covid-Forschung bewilligt. Die urspr\u00fcnglich genehmigten Gelder f\u00fcr die Versorgungsforschung von 20 Millionen Euro werden um zus\u00e4tzliche 60 Millionen Euro aufgestockt. Mit den zus\u00e4tzlichen 20 Millionen Euro aus dem Innovationsfonds des Gemeinsamen Bundesausschusses stehen dann insgesamt 100 Millionen Euro f\u00fcr Long-Covid-Forschung zur Verf\u00fcgung.<\/p>\n<p>Bundesgesundheitsminister Karl Lauterbach (SPD) hatte eine entsprechende Summe als Minimum zuletzt nach einem Treffen mit Betroffenen und Experten gefordert und freut sich nun \u00fcber seinen Erfolg. \u00bbDer Einsatz f\u00fcr die Long-Covid-Kranken hat sich gelohnt. Die Bundesregierung setzt deutlich mehr Ressourcen ein als geplant, um die Langzeitfolgen der Pandemie zu erforschen\u00ab, sagte er dem SPIEGEL.<\/p>\n<p>Der Forschung in Deutschland h\u00e4tten bislang die notwendigen Mittel gefehlt. \u00bbDiese Entscheidung gibt denjenigen Hoffnung, die immer noch unter den Konsequenzen einer Covid-Erkrankung leiden. Wir lassen sie nicht im Stich und setzen alles daran, ihre Versorgung und Therapie zu verbessern\u00ab, sagte Lauterbach.<\/p>\n<p>Au\u00dferdem wurden vom Haushaltsausschuss f\u00fcr die Versorgungsforschung und die Versorgung von Kindern und Jugendlichen, die an Long Covid erkrankt sind, noch einmal 50 Milliionen Euro bewilligt, die sich aber auf mehrere Jahre erstrecken sollen.<\/p>\n<p>Bislang gibt es noch keine Therapie f\u00fcr die Langzeitfolgen einer Coronaerkrankung. Sch\u00e4tzungen gehen davon aus, dass f\u00fcnf bis zehn Prozent der Covid-Infizierten mit Sp\u00e4tfolgen zu k\u00e4mpfen haben, die als Post-Covid oder Long Covid bezeichnet werden. Betroffen sind oft junge Frauen.<\/p>\n","protected":false},"excerpt":{"rendered":"<p>Der Haushaltsausschuss im Bundestag hat in seiner Bereinigungssitzung zus\u00e4tzliche Gelder f\u00fcr die Long-Covid-Forschung bewilligt. Die urspr\u00fcnglich genehmigten Gelder f\u00fcr die Versorgungsforschung von 20 Millionen Euro werden um zus\u00e4tzliche 60 Millionen<\/p>\n","protected":false},"author":1,"featured_media":24604,"comment_status":"open","ping_status":"open","sticky":false,"template":"","format":"standard","meta":{"footnotes":""},"categories":[1],"tags":[],"class_list":["post-24603","post","type-post","status-publish","format-standard","has-post-thumbnail","hentry","category-nachrichten"],"_links":{"self":[{"href":"https:\/\/onlinetranslators.de\/news\/wp-json\/wp\/v2\/posts\/24603","targetHints":{"allow":["GET"]}}],"collection":[{"href":"https:\/\/onlinetranslators.de\/news\/wp-json\/wp\/v2\/posts"}],"about":[{"href":"https:\/\/onlinetranslators.de\/news\/wp-json\/wp\/v2\/types\/post"}],"author":[{"embeddable":true,"href":"https:\/\/onlinetranslators.de\/news\/wp-json\/wp\/v2\/users\/1"}],"replies":[{"embeddable":true,"href":"https:\/\/onlinetranslators.de\/news\/wp-json\/wp\/v2\/comments?post=24603"}],"version-history":[{"count":0,"href":"https:\/\/onlinetranslators.de\/news\/wp-json\/wp\/v2\/posts\/24603\/revisions"}],"wp:featuredmedia":[{"embeddable":true,"href":"https:\/\/onlinetranslators.de\/news\/wp-json\/wp\/v2\/media\/24604"}],"wp:attachment":[{"href":"https:\/\/onlinetranslators.de\/news\/wp-json\/wp\/v2\/media?parent=24603"}],"wp:term":[{"taxonomy":"category","embeddable":true,"href":"https:\/\/onlinetranslators.de\/news\/wp-json\/wp\/v2\/categories?post=24603"},{"taxonomy":"post_tag","embeddable":true,"href":"https:\/\/onlinetranslators.de\/news\/wp-json\/wp\/v2\/tags?post=24603"}],"curies":[{"name":"wp","href":"https:\/\/api.w.org\/{rel}","templated":true}]}}