{"id":24521,"date":"2023-11-13T22:14:16","date_gmt":"2023-11-13T19:14:16","guid":{"rendered":"https:\/\/onlinetranslators.de\/news\/nachrichten\/greta-thunberg-warum-ein-niederlander-der-klima-aktivistin-das-mikrofon-entriss\/"},"modified":"2023-11-13T22:14:16","modified_gmt":"2023-11-13T19:14:16","slug":"greta-thunberg-warum-ein-niederlander-der-klima-aktivistin-das-mikrofon-entriss","status":"publish","type":"post","link":"https:\/\/onlinetranslators.de\/news\/nachrichten\/greta-thunberg-warum-ein-niederlander-der-klima-aktivistin-das-mikrofon-entriss\/","title":{"rendered":"Greta Thunberg: Warum ein Niederl\u00e4nder der Klima-Aktivistin das Mikrofon entriss"},"content":{"rendered":"<p class=\"caps\">Das Video geht um die Welt: Als Greta Thunberg erneut \u00fcber Pal\u00e4stina statt Umweltschutz redet, st\u00fcrmt Erjan Dam die B\u00fchne. Hier sagt der Niederl\u00e4nder, was ihn bewogen hat \u2013 und warum er sich um die Klimabewegung sorgt.<\/p>\n","protected":false},"excerpt":{"rendered":"<p>Das Video geht um die Welt: Als Greta Thunberg erneut \u00fcber Pal\u00e4stina statt Umweltschutz redet, st\u00fcrmt Erjan Dam die B\u00fchne. Hier sagt der Niederl\u00e4nder, was ihn bewogen hat \u2013 und<\/p>\n","protected":false},"author":1,"featured_media":24522,"comment_status":"open","ping_status":"open","sticky":false,"template":"","format":"standard","meta":{"footnotes":""},"categories":[1],"tags":[],"class_list":["post-24521","post","type-post","status-publish","format-standard","has-post-thumbnail","hentry","category-nachrichten"],"_links":{"self":[{"href":"https:\/\/onlinetranslators.de\/news\/wp-json\/wp\/v2\/posts\/24521","targetHints":{"allow":["GET"]}}],"collection":[{"href":"https:\/\/onlinetranslators.de\/news\/wp-json\/wp\/v2\/posts"}],"about":[{"href":"https:\/\/onlinetranslators.de\/news\/wp-json\/wp\/v2\/types\/post"}],"author":[{"embeddable":true,"href":"https:\/\/onlinetranslators.de\/news\/wp-json\/wp\/v2\/users\/1"}],"replies":[{"embeddable":true,"href":"https:\/\/onlinetranslators.de\/news\/wp-json\/wp\/v2\/comments?post=24521"}],"version-history":[{"count":0,"href":"https:\/\/onlinetranslators.de\/news\/wp-json\/wp\/v2\/posts\/24521\/revisions"}],"wp:featuredmedia":[{"embeddable":true,"href":"https:\/\/onlinetranslators.de\/news\/wp-json\/wp\/v2\/media\/24522"}],"wp:attachment":[{"href":"https:\/\/onlinetranslators.de\/news\/wp-json\/wp\/v2\/media?parent=24521"}],"wp:term":[{"taxonomy":"category","embeddable":true,"href":"https:\/\/onlinetranslators.de\/news\/wp-json\/wp\/v2\/categories?post=24521"},{"taxonomy":"post_tag","embeddable":true,"href":"https:\/\/onlinetranslators.de\/news\/wp-json\/wp\/v2\/tags?post=24521"}],"curies":[{"name":"wp","href":"https:\/\/api.w.org\/{rel}","templated":true}]}}