{"id":24485,"date":"2023-11-12T07:57:41","date_gmt":"2023-11-12T04:57:41","guid":{"rendered":"https:\/\/onlinetranslators.de\/news\/nachrichten\/kroatien-verteidigungsminister-mario-banozic-nach-todlichem-unfall-entlassen\/"},"modified":"2023-11-12T07:57:41","modified_gmt":"2023-11-12T04:57:41","slug":"kroatien-verteidigungsminister-mario-banozic-nach-todlichem-unfall-entlassen","status":"publish","type":"post","link":"https:\/\/onlinetranslators.de\/news\/nachrichten\/kroatien-verteidigungsminister-mario-banozic-nach-todlichem-unfall-entlassen\/","title":{"rendered":"Kroatien: Verteidigungsminister Mario Banozic nach t\u00f6dlichem Unfall entlassen"},"content":{"rendered":"<p class=\"caps\">In Kroatien hat Ministerpr\u00e4sident Andrej Plenkovic den Verteidigungsminister Mario Banozic nach einem t\u00f6dlichen Verkehrsunfall aus dem Amt entlassen. Dies teilte der Regierungschef des Nato-Landes am Samstagnachmittag auf einer Pressekonferenz in Zagreb mit. Banozic war mit seinem Wagen am fr\u00fchen Samstagmorgen auf einer Landstra\u00dfe im Osten Kroatiens mit einem Lieferwagen frontal zusammengesto\u00dfen. Bei dem Unfall starb der 40-j\u00e4hrige Fahrer des Lieferwagens, der Minister erlitt schwere Verletzungen.<\/p>\n<h3>Schlechte Sichtverh\u00e4ltnisse<\/h3>\n<p>Wie die Staatsanwaltschaft am Samstag mitteilte, hat nach derzeitigem Ermittlungsstand Banozic den Unfall verursacht. Er hatte nahe der Kleinstadt Vinkovci, in der er wohnt, mit seinem Wagen einen Lastwagen \u00fcberholt und war infolgedessen mit dem entgegenkommenden Lieferwagen zusammengesto\u00dfen. Wegen Nebels hatten schlechte Sichtverh\u00e4ltnisse geherrscht.<\/p>\n<p>Banozic liege auf der Intensivstation des Klinikums in Osijek, sei aber au\u00dfer Lebensgefahr, gaben Krankenhaus\u00e4rzte gegen\u00fcber Medien bekannt. Ministerpr\u00e4sident Plenkovic sprach den Angeh\u00f6rigen des Unfallopfers im Namen der Regierung sein tiefstes Beileid aus. Die Amtsgesch\u00e4fte von Banozic \u00fcbernimmt vor\u00fcbergehend Au\u00dfenminister Gordan Grlic Radman, f\u00fcgte Plenkovic hinzu.<\/p>\n","protected":false},"excerpt":{"rendered":"<p>In Kroatien hat Ministerpr\u00e4sident Andrej Plenkovic den Verteidigungsminister Mario Banozic nach einem t\u00f6dlichen Verkehrsunfall aus dem Amt entlassen. Dies teilte der Regierungschef des Nato-Landes am Samstagnachmittag auf einer Pressekonferenz in<\/p>\n","protected":false},"author":1,"featured_media":24486,"comment_status":"open","ping_status":"open","sticky":false,"template":"","format":"standard","meta":{"footnotes":""},"categories":[1],"tags":[],"class_list":["post-24485","post","type-post","status-publish","format-standard","has-post-thumbnail","hentry","category-nachrichten"],"_links":{"self":[{"href":"https:\/\/onlinetranslators.de\/news\/wp-json\/wp\/v2\/posts\/24485","targetHints":{"allow":["GET"]}}],"collection":[{"href":"https:\/\/onlinetranslators.de\/news\/wp-json\/wp\/v2\/posts"}],"about":[{"href":"https:\/\/onlinetranslators.de\/news\/wp-json\/wp\/v2\/types\/post"}],"author":[{"embeddable":true,"href":"https:\/\/onlinetranslators.de\/news\/wp-json\/wp\/v2\/users\/1"}],"replies":[{"embeddable":true,"href":"https:\/\/onlinetranslators.de\/news\/wp-json\/wp\/v2\/comments?post=24485"}],"version-history":[{"count":0,"href":"https:\/\/onlinetranslators.de\/news\/wp-json\/wp\/v2\/posts\/24485\/revisions"}],"wp:featuredmedia":[{"embeddable":true,"href":"https:\/\/onlinetranslators.de\/news\/wp-json\/wp\/v2\/media\/24486"}],"wp:attachment":[{"href":"https:\/\/onlinetranslators.de\/news\/wp-json\/wp\/v2\/media?parent=24485"}],"wp:term":[{"taxonomy":"category","embeddable":true,"href":"https:\/\/onlinetranslators.de\/news\/wp-json\/wp\/v2\/categories?post=24485"},{"taxonomy":"post_tag","embeddable":true,"href":"https:\/\/onlinetranslators.de\/news\/wp-json\/wp\/v2\/tags?post=24485"}],"curies":[{"name":"wp","href":"https:\/\/api.w.org\/{rel}","templated":true}]}}