{"id":24483,"date":"2023-11-12T05:46:29","date_gmt":"2023-11-12T02:46:29","guid":{"rendered":"https:\/\/onlinetranslators.de\/news\/nachrichten\/papst-franziskus-stellt-konservativen-us-kleriker-kalt\/"},"modified":"2023-11-12T05:46:29","modified_gmt":"2023-11-12T02:46:29","slug":"papst-franziskus-stellt-konservativen-us-kleriker-kalt","status":"publish","type":"post","link":"https:\/\/onlinetranslators.de\/news\/nachrichten\/papst-franziskus-stellt-konservativen-us-kleriker-kalt\/","title":{"rendered":"Papst Franziskus stellt konservativen US-Kleriker kalt"},"content":{"rendered":"<p class=\"caps\">Papst Franziskus hat den prominenten US-Bischof Joseph Strickland aus dem Amt entlassen. Wie der Vatikan mitteilte            , wurde der konservative Geistliche von der pastoralen Leitung der Di\u00f6zese Tyler im US-Bundesstaat Texas entbunden, ein in der katholischen Kirche seltener Vorgang. Der Bischof von Austin, Joe Vasquez, sei zum Verwalter der Di\u00f6zese ernannt worden, hie\u00df es. Weitere Einzelheiten nannte der Vatikan nicht.<\/p>\n<p>Bereits im Sommer dieses Jahres hatte Papst Franziskus zwei US-Bisch\u00f6fe eine Woche lang in Stricklands Di\u00f6zese geschickt. Der Bischof hatte den Besuch \u00f6ffentlich gemacht und erkl\u00e4rt, unter anderem mit ihm seien Gespr\u00e4che gef\u00fchrt worden. \u00dcber den Anlass und die Schlussfolgerungen des Besuchs machte der Vatikan damals keine Angaben.<\/p>\n<h3>Von Papst Benedikt eingesetzt<\/h3>\n<p>Nun ist die Entscheidung gefallen und Strickland sein Amt los. Der 2012 vom damaligen Papst Benedikt XVI. zum Bischof ernannte Kleriker galt als einer der prominentesten Kritiker von Franziskus. In einem Beitrag im Onlinedienst X, vormals Twitter, hatte Strickland dem Pontifex vorgeworfen, \u00bbdas Gut des Glaubens zu unterlaufen\u00ab.<\/p>\n<p>Franziskus sei beim Thema Abtreibung nicht entschieden genug und zeige f\u00fcr Homosexuelle und Geschiedene zu viel Mitgef\u00fchl, so die Meinung seiner Gegner. Der Papst beklagte j\u00fcngst eine \u00bbstark reaktion\u00e4re Haltung\u00ab einiger Katholiken in den USA.<\/p>\n<p>Die Di\u00f6zese Tyler gab die Entscheidung des Vatikans auf ihrer Website bekannt und erkl\u00e4rte: \u00bbUnsere Arbeit als katholische Kirche im Nordosten von Texas geht weiter.\u00ab<\/p>\n","protected":false},"excerpt":{"rendered":"<p>Papst Franziskus hat den prominenten US-Bischof Joseph Strickland aus dem Amt entlassen. Wie der Vatikan mitteilte , wurde der konservative Geistliche von der pastoralen Leitung der Di\u00f6zese Tyler im US-Bundesstaat<\/p>\n","protected":false},"author":1,"featured_media":24484,"comment_status":"open","ping_status":"open","sticky":false,"template":"","format":"standard","meta":{"footnotes":""},"categories":[1],"tags":[],"class_list":["post-24483","post","type-post","status-publish","format-standard","has-post-thumbnail","hentry","category-nachrichten"],"_links":{"self":[{"href":"https:\/\/onlinetranslators.de\/news\/wp-json\/wp\/v2\/posts\/24483","targetHints":{"allow":["GET"]}}],"collection":[{"href":"https:\/\/onlinetranslators.de\/news\/wp-json\/wp\/v2\/posts"}],"about":[{"href":"https:\/\/onlinetranslators.de\/news\/wp-json\/wp\/v2\/types\/post"}],"author":[{"embeddable":true,"href":"https:\/\/onlinetranslators.de\/news\/wp-json\/wp\/v2\/users\/1"}],"replies":[{"embeddable":true,"href":"https:\/\/onlinetranslators.de\/news\/wp-json\/wp\/v2\/comments?post=24483"}],"version-history":[{"count":0,"href":"https:\/\/onlinetranslators.de\/news\/wp-json\/wp\/v2\/posts\/24483\/revisions"}],"wp:featuredmedia":[{"embeddable":true,"href":"https:\/\/onlinetranslators.de\/news\/wp-json\/wp\/v2\/media\/24484"}],"wp:attachment":[{"href":"https:\/\/onlinetranslators.de\/news\/wp-json\/wp\/v2\/media?parent=24483"}],"wp:term":[{"taxonomy":"category","embeddable":true,"href":"https:\/\/onlinetranslators.de\/news\/wp-json\/wp\/v2\/categories?post=24483"},{"taxonomy":"post_tag","embeddable":true,"href":"https:\/\/onlinetranslators.de\/news\/wp-json\/wp\/v2\/tags?post=24483"}],"curies":[{"name":"wp","href":"https:\/\/api.w.org\/{rel}","templated":true}]}}