{"id":24481,"date":"2023-11-12T03:46:27","date_gmt":"2023-11-12T00:46:27","guid":{"rendered":"https:\/\/onlinetranslators.de\/news\/nachrichten\/israel-gaza-krieg-saudischer-kronprinz-fordert-freilassung-von-hamas-geiseln\/"},"modified":"2023-11-12T03:46:27","modified_gmt":"2023-11-12T00:46:27","slug":"israel-gaza-krieg-saudischer-kronprinz-fordert-freilassung-von-hamas-geiseln","status":"publish","type":"post","link":"https:\/\/onlinetranslators.de\/news\/nachrichten\/israel-gaza-krieg-saudischer-kronprinz-fordert-freilassung-von-hamas-geiseln\/","title":{"rendered":"Israel-Gaza-Krieg: Saudischer Kronprinz fordert Freilassung von Hamas-Geiseln"},"content":{"rendered":"<p class=\"caps\">Bei einem Sondergipfel muslimischer Staaten zum Gazakrieg haben Herrscher aus der islamischen Welt scharfe Kritik an Israel ge\u00fcbt und einen Waffenstillstand gefordert. Das Treffen findet in Riad statt, der Hauptstadt von Saudi-Arabien \u2013 und vereint auch Staaten, die Israel als ihren Erzfeind sehen.<\/p>\n<p>Erstmals seit der Wiederaufnahme ihrer diplomatischen Beziehungen sind dort auch der iranische Pr\u00e4sident Ebrahim Raisi und der saudi-arabische Kronprinz Mohammed bin Salman zusammengetroffen. Die offizielle saudi-arabische Nachrichtenagentur SPA ver\u00f6ffentlichte am Samstag im Onlinedienst X (vormals Twitter) ein Foto, das die beiden politischen F\u00fchrer Seite an Seite in der saudi-arabischen Hauptstadt zeigt.<\/p>\n<h3>Rivalen in Riad<\/h3>\n<p>Die beiden rivalisierenden Regionalm\u00e4chte Iran und Saudi-Arabien hatten sich erst im M\u00e4rz durch die Vermittlung Chinas wieder angen\u00e4hert. Im September entsandten sie Botschafter in das jeweils andere Land. Zuvor herrschte zwischen den beiden L\u00e4ndern eine siebenj\u00e4hrige diplomatische Eiszeit.<\/p>\n<p>Der iranische Pr\u00e4sident Raisi nannte die israelische Offensive \u00bbeines der wichtigsten Themen der islamischen Welt\u00ab und \u00bbeines der brutalsten Verbrechen gegen die Menschlichkeit\u00ab. Raisi forderte ein sofortiges Ende der Angriffe von Israel auf Gaza, es gehe darum, den Transport von Lebensmitteln und Medikamenten f\u00fcr die Zivilbev\u00f6lkerung zu erm\u00f6glichen. Au\u00dferdem sollten die \u00bbislamischen Staaten\u00ab ihre politischen und wirtschaftlichen Beziehungen mit Israel abbrechen.<\/p>\n<p>Iran steht sowohl hinter der islamistischen Pal\u00e4stinenserorganisation Hamas wie auch hinter der schiitischen Hisbollah-Miliz im S\u00fcden des Libanons. Raisi lobte die Hamas. \u00bbWir k\u00fcssen der Hamas die H\u00e4nde f\u00fcr ihren Widerstand gegen Israel.\u00ab<\/p>\n<p>Der saudische Kronprinz bekr\u00e4ftigte zwar die Verurteilung und kategorische Ablehnung \u00bbdieses barbarischen Krieges gegen unsere Br\u00fcder in Pal\u00e4stina\u00ab. Der Krieg m\u00fcsse sofort beendet werden. Zugleich forderte er von der Hamas die Freilassung der rund 240 israelischen Geiseln \u2013 und schlug damit in Nuancen andere T\u00f6ne an als der iranische Pr\u00e4sident.<\/p>\n<h3>Abbas sieht \u00bbbeispiellosen Vernichtungskrieg\u00ab<\/h3>\n<p>Der pal\u00e4stinensische Pr\u00e4sident Mahmoud Abbas sagte: \u00bbUnser pal\u00e4stinensisches Volk ist der schrecklichsten und brutalsten Aggression und sogar einem beispiellosen Vernichtungskrieg ausgesetzt.\u00ab Gaza sei ein integraler Bestandteil Pal\u00e4stinas. Jede politische L\u00f6sung m\u00fcsse das gesamte pal\u00e4stinensische Gebiet umfassen, einschlie\u00dflich des Westjordanlands, Jerusalems und Gazas.<\/p>\n<p>Der \u00e4gyptische Pr\u00e4sident Abdel Fattah el-Sisi forderte eine sofortige und dauerhafte Waffenruhe \u00bbohne Beschr\u00e4nkungen und Bedingungen\u00ab. Die \u00bbPolitik der kollektiven Bestrafung\u00ab der Menschen im Gazastreifen sei inakzeptabel und k\u00f6nne nicht mit Selbstverteidigung gerechtfertigt werden. \u00bbSie muss sofort gestoppt werden.\u00ab<\/p>\n<p>\u00c4hnlich \u00e4u\u00dferte sich auch der Emir von Katar, Scheich Tamim bin Hamad Al Thani. \u00bbDie internationale Gemeinschaft hat es vers\u00e4umt, ihrer rechtlichen und ethischen Verantwortung nachzukommen.\u00ab Er f\u00fcgte hinzu: \u00bbWie lange wird die internationale Gemeinschaft Israel so behandeln, als ob es \u00fcber internationalen Gesetzen st\u00fcnde?\u00ab Zugleich erkl\u00e4rte er, Katar bem\u00fche sich darum, eine Freilassung der von der Hamas aus Israel verschleppten Geiseln zu vermitteln.<\/p>\n<h3>Syrischer Diktator will arabische Einheit<\/h3>\n<p>Der syrische Diktator Baschar al-Assad rief zur arabischen Einheit auf, um dem entgegenzuwirken, was er als \u00bbzionistische Grausamkeit und Massaker\u00ab bezeichnete. \u00bbWenn wir nicht \u00fcber echte Druckmittel verf\u00fcgen, sind all unsere Schritte und Reden bedeutungslos\u00ab, so Assad.<\/p>\n<p>Der t\u00fcrkische Pr\u00e4sident Recep Tayyip Erdo\u011fan sprach sich f\u00fcr eine internationale Friedenskonferenz aus, um eine dauerhafte L\u00f6sung des Konflikts zu finden. \u00bbWas wir im Gazastreifen brauchen, sind keine Pausen f\u00fcr ein paar Stunden, sondern wir brauchen einen dauerhaften Waffenstillstand\u00ab, sagte Erdo\u011fan. \u00bbIsrael r\u00e4cht sich an Babys, Kindern und Frauen im Gazastreifen.\u00ab<\/p>\n<p>Urspr\u00fcnglich war am Samstag ein Treffen der 22 Mitgliedstaaten der Arabischen Liga geplant und am Sonntag eines der Organisation f\u00fcr Islamische Zusammenarbeit (OIC). Nach Beratungen zwischen Saudi-Arabien und der OIC beschloss man das gemeinsame Treffen. Der OIC geh\u00f6ren 57 muslimisch gepr\u00e4gte Staaten an.<\/p>\n<p>Laut der staatlichen saudischen Nachrichtenagentur SPA soll der Gipfel die Notwendigkeit unterstreichen, \u00bbzu einer einheitlichen Position\u00ab der arabischen und muslimischen L\u00e4nder mit Blick auf die \u00bbgef\u00e4hrlichen und beispiellosen Ereignisse in Gaza und den pal\u00e4stinensischen Gebieten\u00ab zu gelangen.<\/p>\n<h3>Gr\u00e4ueltaten an israelischen Zivilisten<\/h3>\n<p>Hunderte K\u00e4mpfer der islamistischen Hamas waren am 7. Oktober nach Israel eingedrungen und hatten Gr\u00e4ueltaten \u00fcberwiegend an Zivilisten ver\u00fcbt. Nach israelischen Angaben wurden dabei 1200 Menschen get\u00f6tet und rund 240 Menschen als Geiseln verschleppt.<\/p>\n<p>Israel hatte der Hamas in der Folge den Krieg erkl\u00e4rt und Ziele der Islamisten im Gazastreifen angegriffen. Nach Angaben der Hamas, die sich nicht unabh\u00e4ngig \u00fcberpr\u00fcfen lassen, wurden seither mehr als 11.000 Menschen im Gazastreifen get\u00f6tet, darunter 4500 Kinder.<\/p>\n<p>Israel und sein wichtigster Verb\u00fcndeter, die USA, lehnen bislang einen Waffenstillstand ab.<\/p>\n","protected":false},"excerpt":{"rendered":"<p>Bei einem Sondergipfel muslimischer Staaten zum Gazakrieg haben Herrscher aus der islamischen Welt scharfe Kritik an Israel ge\u00fcbt und einen Waffenstillstand gefordert. Das Treffen findet in Riad statt, der Hauptstadt<\/p>\n","protected":false},"author":1,"featured_media":24482,"comment_status":"open","ping_status":"open","sticky":false,"template":"","format":"standard","meta":{"footnotes":""},"categories":[1],"tags":[],"class_list":["post-24481","post","type-post","status-publish","format-standard","has-post-thumbnail","hentry","category-nachrichten"],"_links":{"self":[{"href":"https:\/\/onlinetranslators.de\/news\/wp-json\/wp\/v2\/posts\/24481","targetHints":{"allow":["GET"]}}],"collection":[{"href":"https:\/\/onlinetranslators.de\/news\/wp-json\/wp\/v2\/posts"}],"about":[{"href":"https:\/\/onlinetranslators.de\/news\/wp-json\/wp\/v2\/types\/post"}],"author":[{"embeddable":true,"href":"https:\/\/onlinetranslators.de\/news\/wp-json\/wp\/v2\/users\/1"}],"replies":[{"embeddable":true,"href":"https:\/\/onlinetranslators.de\/news\/wp-json\/wp\/v2\/comments?post=24481"}],"version-history":[{"count":0,"href":"https:\/\/onlinetranslators.de\/news\/wp-json\/wp\/v2\/posts\/24481\/revisions"}],"wp:featuredmedia":[{"embeddable":true,"href":"https:\/\/onlinetranslators.de\/news\/wp-json\/wp\/v2\/media\/24482"}],"wp:attachment":[{"href":"https:\/\/onlinetranslators.de\/news\/wp-json\/wp\/v2\/media?parent=24481"}],"wp:term":[{"taxonomy":"category","embeddable":true,"href":"https:\/\/onlinetranslators.de\/news\/wp-json\/wp\/v2\/categories?post=24481"},{"taxonomy":"post_tag","embeddable":true,"href":"https:\/\/onlinetranslators.de\/news\/wp-json\/wp\/v2\/tags?post=24481"}],"curies":[{"name":"wp","href":"https:\/\/api.w.org\/{rel}","templated":true}]}}