{"id":24325,"date":"2023-11-05T08:36:34","date_gmt":"2023-11-05T05:36:34","guid":{"rendered":"https:\/\/onlinetranslators.de\/news\/nachrichten\/kuss-fur-annalena-baerbock-kroatiens-ausenminister-gordan-grlic-radman-entschuldigt-sich\/"},"modified":"2023-11-05T08:36:34","modified_gmt":"2023-11-05T05:36:34","slug":"kuss-fur-annalena-baerbock-kroatiens-ausenminister-gordan-grlic-radman-entschuldigt-sich","status":"publish","type":"post","link":"https:\/\/onlinetranslators.de\/news\/nachrichten\/kuss-fur-annalena-baerbock-kroatiens-ausenminister-gordan-grlic-radman-entschuldigt-sich\/","title":{"rendered":"Kuss f\u00fcr Annalena Baerbock: Kroatiens Au\u00dfenminister Gordan Grlic Radman entschuldigt sich"},"content":{"rendered":"<p class=\"caps\">Nach einem vom Publikum als unpassend gewerteten Kuss f\u00fcr Annalena Baerbock hat sich Kroatiens Au\u00dfenminister Gordan Grlic Radman entschuldigt. Er sei sich nicht gleich bewusst gewesen, seine deutsche Amtskollegin mit der freundlich gemeinten Geste bei einem Europa-Kongress im Ausw\u00e4rtigen Amt am Donnerstag in Berlin m\u00f6glicherweise in Verlegenheit gebracht zu haben. \u00bbVielleicht war es ein unangenehmer Moment\u00ab, sagte Radman nach Angaben kroatischer Medien vom Samstag am Vortag. \u00bbWenn jemand darin etwas Schlimmes gesehen hat, dann entschuldige ich mich bei demjenigen, der das so aufgefasst hat.\u00ab<\/p>\n<p>Wegen der Versp\u00e4tung seines Flugzeugs habe er Baerbock erst beim \u00bbFamilienfoto\u00ab mit allen EU-Kollegen gesehen, sagte Radman weiter. \u00bbIch wei\u00df nicht, was das Problem war. Ich habe es nicht gesehen; ich war mir dessen nicht bewusst. Wir begr\u00fc\u00dfen uns immer herzlich. Es ist ein herzlicher menschlicher Umgang unter Kollegen.\u00ab<\/p>\n<p>Videoaufnahmen von dem Vorfall hatten gezeigt, wie Radman Baerbock w\u00e4hrend der Aufnahme des \u00bbFamilienfotos\u00ab erst mit Handschlag begr\u00fc\u00dfte \u2013 und dann versuchte, sie zu k\u00fcssen. So wie er stand und sich nach vorne beugte, h\u00e4tte er sie m\u00f6glicherweise auf den Mund gek\u00fcsst. Reflexartig hatte sich die deutsche Au\u00dfenministerin jedoch zur Seite wegdreht. Aus Baerbocks Umfeld hie\u00df es sp\u00e4ter der \u00bbBild\u00ab-Zeitung zufolge, es sei ein ungelenker Versuch gewesen, sich schnell noch zu begr\u00fc\u00dfen.<\/p>\n","protected":false},"excerpt":{"rendered":"<p>Nach einem vom Publikum als unpassend gewerteten Kuss f\u00fcr Annalena Baerbock hat sich Kroatiens Au\u00dfenminister Gordan Grlic Radman entschuldigt. Er sei sich nicht gleich bewusst gewesen, seine deutsche Amtskollegin mit<\/p>\n","protected":false},"author":1,"featured_media":24326,"comment_status":"open","ping_status":"open","sticky":false,"template":"","format":"standard","meta":{"footnotes":""},"categories":[1],"tags":[],"class_list":["post-24325","post","type-post","status-publish","format-standard","has-post-thumbnail","hentry","category-nachrichten"],"_links":{"self":[{"href":"https:\/\/onlinetranslators.de\/news\/wp-json\/wp\/v2\/posts\/24325","targetHints":{"allow":["GET"]}}],"collection":[{"href":"https:\/\/onlinetranslators.de\/news\/wp-json\/wp\/v2\/posts"}],"about":[{"href":"https:\/\/onlinetranslators.de\/news\/wp-json\/wp\/v2\/types\/post"}],"author":[{"embeddable":true,"href":"https:\/\/onlinetranslators.de\/news\/wp-json\/wp\/v2\/users\/1"}],"replies":[{"embeddable":true,"href":"https:\/\/onlinetranslators.de\/news\/wp-json\/wp\/v2\/comments?post=24325"}],"version-history":[{"count":0,"href":"https:\/\/onlinetranslators.de\/news\/wp-json\/wp\/v2\/posts\/24325\/revisions"}],"wp:featuredmedia":[{"embeddable":true,"href":"https:\/\/onlinetranslators.de\/news\/wp-json\/wp\/v2\/media\/24326"}],"wp:attachment":[{"href":"https:\/\/onlinetranslators.de\/news\/wp-json\/wp\/v2\/media?parent=24325"}],"wp:term":[{"taxonomy":"category","embeddable":true,"href":"https:\/\/onlinetranslators.de\/news\/wp-json\/wp\/v2\/categories?post=24325"},{"taxonomy":"post_tag","embeddable":true,"href":"https:\/\/onlinetranslators.de\/news\/wp-json\/wp\/v2\/tags?post=24325"}],"curies":[{"name":"wp","href":"https:\/\/api.w.org\/{rel}","templated":true}]}}