{"id":24137,"date":"2023-10-28T04:16:03","date_gmt":"2023-10-28T01:16:03","guid":{"rendered":"https:\/\/onlinetranslators.de\/news\/nachrichten\/irak-schiitenfuhrer-muktada-al-sadr-fordert-schliesung-der-us-botschaft\/"},"modified":"2023-10-28T04:16:03","modified_gmt":"2023-10-28T01:16:03","slug":"irak-schiitenfuhrer-muktada-al-sadr-fordert-schliesung-der-us-botschaft","status":"publish","type":"post","link":"https:\/\/onlinetranslators.de\/news\/nachrichten\/irak-schiitenfuhrer-muktada-al-sadr-fordert-schliesung-der-us-botschaft\/","title":{"rendered":"Irak: Schiitenf\u00fchrer Muktada al-Sadr fordert Schlie\u00dfung der US-Botschaft"},"content":{"rendered":"<p class=\"caps\">Muqtada al-Sadr hat die irakische Regierung aufgefordert, die US-Botschaft in Bagdad zu schlie\u00dfen. Die Forderung begr\u00fcndete der einflussreiche irakische Schiitenf\u00fchrer am Freitag mit der \u00bbbedingungslosen Unterst\u00fctzung\u00ab der USA f\u00fcr Israel im Krieg gegen die Terrororganisation Hamas.<\/p>\n<p>\u00bbWenn die Regierung und das Parlament nicht reagieren, werden wir eine andere Position einnehmen, die wir sp\u00e4ter bekannt geben werden\u00ab, warnte der Geistliche in vager Form im Onlinedienst X (fr\u00fcher Twitter).<\/p>\n<p>Er d\u00fcrfte damit auf eine Aktion im Juli dieses Jahres anspielen: Da hatten Al-Sadr-Anh\u00e4nger gewaltsam die schwedische Botschaft in Bagdad gest\u00fcrmt und in Brand gesteckt. Die St\u00fcrmung der Botschaft war eine Reaktion auf Koransch\u00e4ndungen im Sommer in Schweden, die in der islamischen Welt heftige Proteste ausgel\u00f6st hatten.<\/p>\n<p>Al-Sadr f\u00fchrt eine der gr\u00f6\u00dften islamistischen Bewegungen im Nahen Osten an, die im Irak aus Millionen Anh\u00e4ngern aus vorwiegend \u00e4rmeren urbanen Gegenden besteht. Er kann in k\u00fcrzester Zeit gro\u00dfe Massen von Demonstranten auf die Stra\u00dfe bringen. Al-Sadr stand an der Spitze des Kampfs gegen US-Truppen nach ihrer Invasion im Irak 2003 und bekam dabei Unterst\u00fctzung von Iran. Das Verh\u00e4ltnis zwischen Iran und Al-Sadr hat sich in den vergangenen Jahren aber zunehmend verschlechtert. Sadristen k\u00e4mpfen inzwischen sowohl gegen den Einfluss der USA als auch Irans im Irak. Al-Sadr ist f\u00fcr seine scharfe Rhetorik gegen die USA sowie Israel bekannt.<\/p>\n<p>Er hatte bereits kurz nach dem Hamas-Angriff zu Protesten gegen Israel aufgerufen. Der einflussreiche Geistliche geh\u00f6rt zwar der Opposition im Irak an, die propal\u00e4stinensische Haltung haben dort jedoch alle politischen Gruppierungen gemein.<\/p>\n<p>Seit Beginn des Krieges zwischen Israel und der Hamas am 7. Oktober hat Iraks Regierungschef Mohammed Schia al-Sudani die \u00bbzionistische Besatzung\u00ab kritisiert. Israels massiven Beschuss des Gazastreifens infolge des Hamas-Gro\u00dfangriffs bezeichnete er als \u00bbV\u00f6lkermord\u00ab an der pal\u00e4stinensischen Bev\u00f6lkerung.<\/p>\n<h3>US-Truppen im Visier proiranischer Milizen<\/h3>\n<p>Die Hamas hatte am 7. Oktober vom Gazastreifen aus einen beispiellosen Gro\u00dfangriff auf Israel gestartet. Dabei waren nach israelischen Angaben etwa 1400 Menschen get\u00f6tet und nach j\u00fcngsten israelischen Angaben 229 Menschen als Geiseln in den Gazastreifen verschleppt worden.<\/p>\n<p>Als Reaktion riegelte Israel den Gazastreifen ab und startete massive Luftangriffe auf mutma\u00dfliche Hamas-Ziele. Dabei wurden nach Angaben des von der Hamas geleiteten Gesundheitsministeriums inzwischen mehr als 7300 Menschen get\u00f6tet. Diese Angaben lassen sich nicht unabh\u00e4ngig \u00fcberpr\u00fcfen.<\/p>\n<p>Die US-Streitkr\u00e4fte und ihre Verb\u00fcndeten im Irak sind immer wieder Ziel von Angriffen. Am Donnerstag erkl\u00e4rte das US-Verteidigungsministerium, Stellungen der US-Armee und der internationalen Koalition in Syrien und im Irak gegen die Dschihadistenmiliz Islamischer Staat (IS) seien im Oktober mehr als ein Dutzend Mal angegriffen worden. Das Pentagon machte \u00bbvom Iran unterst\u00fctzte Milizengruppen\u00ab f\u00fcr die Angriffe verantwortlich; auch am Freitag kam es zu einem Drohnenangriff.<\/p>\n<p>Zuletzt hatte US-Pr\u00e4sident Joe Biden Iran vor Angriffen auf US-Truppen gewarnt, da diese zu einer Ausweitung des Nahostkriegs f\u00fchren k\u00f6nnten.<\/p>\n","protected":false},"excerpt":{"rendered":"<p>Muqtada al-Sadr hat die irakische Regierung aufgefordert, die US-Botschaft in Bagdad zu schlie\u00dfen. Die Forderung begr\u00fcndete der einflussreiche irakische Schiitenf\u00fchrer am Freitag mit der \u00bbbedingungslosen Unterst\u00fctzung\u00ab der USA f\u00fcr Israel<\/p>\n","protected":false},"author":1,"featured_media":24138,"comment_status":"open","ping_status":"open","sticky":false,"template":"","format":"standard","meta":{"footnotes":""},"categories":[1],"tags":[],"class_list":["post-24137","post","type-post","status-publish","format-standard","has-post-thumbnail","hentry","category-nachrichten"],"_links":{"self":[{"href":"https:\/\/onlinetranslators.de\/news\/wp-json\/wp\/v2\/posts\/24137","targetHints":{"allow":["GET"]}}],"collection":[{"href":"https:\/\/onlinetranslators.de\/news\/wp-json\/wp\/v2\/posts"}],"about":[{"href":"https:\/\/onlinetranslators.de\/news\/wp-json\/wp\/v2\/types\/post"}],"author":[{"embeddable":true,"href":"https:\/\/onlinetranslators.de\/news\/wp-json\/wp\/v2\/users\/1"}],"replies":[{"embeddable":true,"href":"https:\/\/onlinetranslators.de\/news\/wp-json\/wp\/v2\/comments?post=24137"}],"version-history":[{"count":0,"href":"https:\/\/onlinetranslators.de\/news\/wp-json\/wp\/v2\/posts\/24137\/revisions"}],"wp:featuredmedia":[{"embeddable":true,"href":"https:\/\/onlinetranslators.de\/news\/wp-json\/wp\/v2\/media\/24138"}],"wp:attachment":[{"href":"https:\/\/onlinetranslators.de\/news\/wp-json\/wp\/v2\/media?parent=24137"}],"wp:term":[{"taxonomy":"category","embeddable":true,"href":"https:\/\/onlinetranslators.de\/news\/wp-json\/wp\/v2\/categories?post=24137"},{"taxonomy":"post_tag","embeddable":true,"href":"https:\/\/onlinetranslators.de\/news\/wp-json\/wp\/v2\/tags?post=24137"}],"curies":[{"name":"wp","href":"https:\/\/api.w.org\/{rel}","templated":true}]}}