{"id":23482,"date":"2023-09-29T12:37:43","date_gmt":"2023-09-29T09:37:43","guid":{"rendered":"https:\/\/onlinetranslators.de\/news\/nachrichten\/carsten-meyer-heder-bremer-cdu-chef-tritt-nach-umstrittenen-auserungen-zur-afd-zuruck\/"},"modified":"2023-09-29T12:37:43","modified_gmt":"2023-09-29T09:37:43","slug":"carsten-meyer-heder-bremer-cdu-chef-tritt-nach-umstrittenen-auserungen-zur-afd-zuruck","status":"publish","type":"post","link":"https:\/\/onlinetranslators.de\/news\/nachrichten\/carsten-meyer-heder-bremer-cdu-chef-tritt-nach-umstrittenen-auserungen-zur-afd-zuruck\/","title":{"rendered":"Carsten Meyer-Heder: Bremer CDU-Chef tritt nach umstrittenen \u00c4u\u00dferungen zur AfD zur\u00fcck"},"content":{"rendered":"<p class=\"caps\">Der Landesvorsitzende der Bremer CDU, Carsten Meyer-Heder, tritt zur\u00fcck. Das verk\u00fcndete der Bremer CDU-Landesverband am Freitag. Die Entscheidung sei in Abstimmung mit der Partei erfolgt, teilte die CDU in einer Pressemitteilung mit. Als Grund nannte Meyer-Heder \u00c4u\u00dferungen zu einer m\u00f6glichen Zusammenarbeit mit der AfD, die er im Interview mit dem NDR-Regionalmagazin \u00bbbuten un binnen\u00ab get\u00e4tigt hatte.<\/p>\n<p>In dem Interview             hatte Meyer-Heder eine Zusammenarbeit mit der AfD ausdr\u00fccklich nicht ausgeschlossen. Das gesamte Gespr\u00e4ch soll am Samstag gezeigt werden, bisher ist nur ein kurzer Ausschnitt und eine schriftliche Zusammenfassung der Redaktion ver\u00f6ffentlicht.<\/p>\n<p>\u00bbDa, wo es inhaltlich richtige Punkte gibt, die die AfD auf kommunaler Ebene f\u00f6rdert, kann man nicht sagen: \u203aDas ist Quatsch\u2039\u00ab, sagte Meyer-Heder in dem bisher ver\u00f6ffentlichten Video. \u00bbEs geht um die Inhalte und nichts Anderes. Wenn wir Dinge bewegen wollen und wir sind dann einer Meinung mit der AfD: Warum nicht?\u00ab, sagt Meyer-Heder. Er habe vor den Linken in der Bremischen B\u00fcrgerschaft mehr Angst als vor manchen Leuten in der AfD.<\/p>\n<p>Laut \u00bbbuten un binnen\u00ab kritisierte Meyer-Heder im weiteren Verlauf des Interviews den th\u00fcringischen AfD-Chef Bj\u00f6rn H\u00f6cke. Demnach nannte er ihn \u00bbein Arschloch\u00ab, H\u00f6cke mache die ganze AfD kaputt, wird Meyer-Heder weiter zitiert. Man k\u00f6nne nicht so tun, als g\u00e4be es H\u00f6cke nicht. \u00bbAber es sind ja nicht alles Rechtsradikale in der AfD, das ist auch zu kurz gesprochen. Wir m\u00fcssen uns damit besch\u00e4ftigen. Wir k\u00f6nnen ja nicht so tun, als w\u00e4ren das alles v\u00f6llig verwirrte Menschen.\u00ab<\/p>\n<p>Die Aussagen erzeugten \u00bbeine v\u00f6llig andere Wirkung in der \u00d6ffentlichkeit\u00ab, als er es beabsichtige, teilte Meyer-Heder laut \u00bbbuten un binnen\u00ab nun in einer Mitteilung mit. \u00bbIch stand nie und stehe auch heute nicht im Verdacht, in der N\u00e4he der AfD zu stehen.\u00ab<\/p>\n<h3>Meyer-Heder wollte ohnehin nicht noch mal antreten<\/h3>\n<p>Schon Anfang September hatte Meyer-Heder angek\u00fcndigt, nicht abermalig als Landesvorsitzender seiner Partei anzutreten. Seine Arbeit als CDU-Chef wollte er ab Mai 2024 ruhen lassen und sich auf die Arbeit in seinem Unternehmen konzentrieren.<\/p>\n<p>Meyer-Heder war seit Juni 2019 der Landesvorsitzende der Bremer CDU. Als Spitzenkandidat hatte er zuvor die CDU bei der B\u00fcrgerschaftswahl 2019 zum Wahlsieg gef\u00fchrt. Mit 26,7 Prozent der Stimmen wurde die CDU erstmals st\u00e4rkste Fraktion im Landtag.<\/p>\n<h3>Merz: Zusammenarbeit \u00bbunvorstellbar\u00ab<\/h3>\n<p>Die CDU diskutiert seit Wochen \u00fcber den Umgang mit der AfD \u2013 insbesondere auf kommunaler Ebene. Parteichef Friedrich Merz fiel zuletzt mit umstrittenen \u00c4u\u00dferungen \u00fcber Asylbewerber auf. Am Montag hatte er eine Zusammenarbeit mit der AfD als \u00bbunvorstellbar\u00ab bezeichnet.<\/p>\n<p>\u00bbDie CDU w\u00fcrde ihre Seele verkaufen, wenn sie mit dieser Partei zusammenarbeiten w\u00fcrde\u00ab, sagte er. \u00bbDas sind Leute, die sich nicht klar und deutlich vom Nationalsozialismus distanzieren. Leute, die Europa abschaffen wollen. Leute, die mit Putin gemeinsame Sache machen wollen.\u00ab<\/p>\n<p>Die Abstimmung in Th\u00fcringen, wo ein Antrag der oppositionellen CDU zur Senkung der Grunderwerbssteuer mit Zustimmung der AfD eine Mehrheit gefunden hatte, wertete er gleichwohl nicht als problematisch: \u00bbEs hat auch in Th\u00fcringen keine Zusammenarbeit mit der AfD gegeben.\u00ab Die Th\u00fcringer CDU habe zuerst Gespr\u00e4che mit SPD und Gr\u00fcnen gef\u00fchrt. Das habe nichts gebracht. \u00bbDann hat die CDU im Landtag einen Antrag gestellt, der unserer \u00dcberzeugung entspricht.\u00ab Seine Partei lasse sich \u00bbweder von der einen noch von der anderen Seite vorschreiben, welche politischen Positionen wir einnehmen\u00ab.<\/p>\n<p>Ablehnend \u00e4u\u00dferte sich Merz hingegen zu einem Vorsto\u00df des Historikers Andreas R\u00f6dder, Chef der CDU-Grundwertekommission, der sich auch CDU-Minderheitsregierungen vorstellen kann, die von der AfD toleriert werden. \u00bbDas ist ein absolutes No-Go!\u00ab, sagte Merz. <\/p>\n<p>R\u00f6dders \u00c4u\u00dferungen waren auch CDU-intern auf heftigen Widerstand gesto\u00dfen. Inzwischen hat auch er seinen Posten aufgegeben.<\/p>\n","protected":false},"excerpt":{"rendered":"<p>Der Landesvorsitzende der Bremer CDU, Carsten Meyer-Heder, tritt zur\u00fcck. Das verk\u00fcndete der Bremer CDU-Landesverband am Freitag. Die Entscheidung sei in Abstimmung mit der Partei erfolgt, teilte die CDU in einer<\/p>\n","protected":false},"author":1,"featured_media":23483,"comment_status":"open","ping_status":"open","sticky":false,"template":"","format":"standard","meta":{"footnotes":""},"categories":[1],"tags":[],"class_list":["post-23482","post","type-post","status-publish","format-standard","has-post-thumbnail","hentry","category-nachrichten"],"_links":{"self":[{"href":"https:\/\/onlinetranslators.de\/news\/wp-json\/wp\/v2\/posts\/23482","targetHints":{"allow":["GET"]}}],"collection":[{"href":"https:\/\/onlinetranslators.de\/news\/wp-json\/wp\/v2\/posts"}],"about":[{"href":"https:\/\/onlinetranslators.de\/news\/wp-json\/wp\/v2\/types\/post"}],"author":[{"embeddable":true,"href":"https:\/\/onlinetranslators.de\/news\/wp-json\/wp\/v2\/users\/1"}],"replies":[{"embeddable":true,"href":"https:\/\/onlinetranslators.de\/news\/wp-json\/wp\/v2\/comments?post=23482"}],"version-history":[{"count":0,"href":"https:\/\/onlinetranslators.de\/news\/wp-json\/wp\/v2\/posts\/23482\/revisions"}],"wp:featuredmedia":[{"embeddable":true,"href":"https:\/\/onlinetranslators.de\/news\/wp-json\/wp\/v2\/media\/23483"}],"wp:attachment":[{"href":"https:\/\/onlinetranslators.de\/news\/wp-json\/wp\/v2\/media?parent=23482"}],"wp:term":[{"taxonomy":"category","embeddable":true,"href":"https:\/\/onlinetranslators.de\/news\/wp-json\/wp\/v2\/categories?post=23482"},{"taxonomy":"post_tag","embeddable":true,"href":"https:\/\/onlinetranslators.de\/news\/wp-json\/wp\/v2\/tags?post=23482"}],"curies":[{"name":"wp","href":"https:\/\/api.w.org\/{rel}","templated":true}]}}