{"id":21879,"date":"2023-07-21T06:15:55","date_gmt":"2023-07-21T03:15:55","guid":{"rendered":"https:\/\/onlinetranslators.de\/news\/nachrichten\/spd-plant-anlauf-fur-sozialen-pflichtdienst-in-deutschland\/"},"modified":"2023-07-21T06:15:55","modified_gmt":"2023-07-21T03:15:55","slug":"spd-plant-anlauf-fur-sozialen-pflichtdienst-in-deutschland","status":"publish","type":"post","link":"https:\/\/onlinetranslators.de\/news\/nachrichten\/spd-plant-anlauf-fur-sozialen-pflichtdienst-in-deutschland\/","title":{"rendered":"SPD plant Anlauf f\u00fcr sozialen Pflichtdienst in Deutschland"},"content":{"rendered":"<p class=\"caps\">Die SPD will einem Bericht zufolge nach der parlamentarischen Sommerpause die Einf\u00fchrung eines sozialen Pflichtdienstes in Deutschland von mindestens drei Monaten angehen. \u00bbWir brauchen wieder mehr Respekt im Umgang und ein st\u00e4rkeres Miteinander im Land\u00ab, sagte der SPD-Fraktionsvize Dirk Wiese der D\u00fcsseldorfer \u00bbRheinischen Post\u00ab.<\/p>\n<p>Sowohl das Miteinander als auch der Respekt schw\u00e4nden \u00bbim t\u00e4glichen Umgang und digital, in Freib\u00e4dern, beim Nichtbilden von Rettungsgassen, im Alltag oder bei AfD-Trollen im Internet\u00ab, sagte Wiese. Daher m\u00fcsse \u00bboffen\u00ab \u00fcber die Vorschl\u00e4ge geredet werden, die etwa Bundespr\u00e4sident Frank-Walter Steinmeier in die Debatte eingebracht habe.<\/p>\n<p>Diskutiert werden m\u00fcsse \u00bbinsbesondere die Frage, wann ein solcher Dienst f\u00fcr mehr Miteinander und Respekt absolviert werden k\u00f6nnte und wer alles infrage kommt\u00ab. Wiese sagte, eine soziale Pflichtzeit m\u00fcsse \u00bbkein ganzes Jahr andauern \u2013 aber doch mindestens drei Monate\u00ab.<\/p>\n<h3>Vorschlag des Bundespr\u00e4sidenten: eine \u00bbPflichtzeit\u00ab f\u00fcr junge Menschen<\/h3>\n<p>Steinmeier hatte sich unl\u00e4ngst erneut f\u00fcr einen Pflichtdienst f\u00fcr junge Menschen ausgesprochen. Wie lange ein solcher Dienst dauern soll, lie\u00df der Bundespr\u00e4sident offen: \u00bbIch habe bewusst Pflichtzeit gesagt, denn es muss kein Jahr sein. Da kann man auch einen anderen Zeitraum w\u00e4hlen\u00ab, sagte der Bundespr\u00e4sident. Es gehe um die Frage, \u00bbob es unserem Land nicht guttun w\u00fcrde, wenn sich Frauen und M\u00e4nner f\u00fcr einen gewissen Zeitraum in den Dienst der Gesellschaft stellen.\u00ab<\/p>\n<p>Geleistet werden sollte die Pflichtzeit nach Steinmeiers Vorstellung bei der Bundeswehr, bei der Betreuung von Senioren, in Behinderteneinrichtungen oder in Obdachlosenunterk\u00fcnften.<\/p>\n<p>Die Reaktionen auf Steinmeiers Idee fielen gemischt aus: Eine klare Absage kam etwa von Bundesfamilienministerin Lisa Paus. \u00bbEin sozialer Pflichtdienst w\u00fcrde einen Eingriff in die individuelle Freiheit eines jeden Jugendlichen bedeuten\u00ab, sagte die Gr\u00fcnenpolitikerin. Man solle jungen Menschen \u00bbdie Freiheit zur eigenen Entscheidung lassen\u00ab. Als einen \u00bbschweren Freiheitseingriff\u00ab bezeichnete die allgemeine Dienstpflicht auch FDP-Justizminister Marco Buschmann.<\/p>\n<p>Die Union hingegen m\u00f6chte sogar ein ganzes verpflichtendes Gesellschaftsjahr in Deutschland einf\u00fchren. CDU-Chef Merz dazu: \u00bbIch bin \u00fcberrascht, wie hoch die Zustimmung gerade in der jungen Generation zu einem solchen verpflichtenden Jahr in Deutschland ist.\u00ab<\/p>\n<ul>\n<li>\n<p>Eine ausf\u00fchrliche Analyse des Steinmeier-Vorschlags lesen Sie hier: Braucht Deutschland die Pflicht zum Dienst?                                       <\/p>\n<\/li>\n<\/ul>\n<p>Seit die Wehrpflicht und damit auch der Zivildienst 2011 ausgesetzt wurden, gibt es in Deutschland nur noch Freiwilligendienste: F\u00fcr junge Menschen das Freiwillige Soziale Jahr, das Freiwillige \u00d6kologische Jahr und den Internationalen Jugendfreiwilligendienst. Daneben gibt es den Bundesfreiwilligendienst f\u00fcr Menschen jeden Alters.<\/p>\n<p>Momentan leisten ann\u00e4hernd 100.000 Menschen einen Jugend- oder Bundesfreiwilligendienst<\/p>\n","protected":false},"excerpt":{"rendered":"<p>Die SPD will einem Bericht zufolge nach der parlamentarischen Sommerpause die Einf\u00fchrung eines sozialen Pflichtdienstes in Deutschland von mindestens drei Monaten angehen. \u00bbWir brauchen wieder mehr Respekt im Umgang und<\/p>\n","protected":false},"author":1,"featured_media":21880,"comment_status":"open","ping_status":"open","sticky":false,"template":"","format":"standard","meta":{"footnotes":""},"categories":[1],"tags":[],"class_list":["post-21879","post","type-post","status-publish","format-standard","has-post-thumbnail","hentry","category-nachrichten"],"_links":{"self":[{"href":"https:\/\/onlinetranslators.de\/news\/wp-json\/wp\/v2\/posts\/21879","targetHints":{"allow":["GET"]}}],"collection":[{"href":"https:\/\/onlinetranslators.de\/news\/wp-json\/wp\/v2\/posts"}],"about":[{"href":"https:\/\/onlinetranslators.de\/news\/wp-json\/wp\/v2\/types\/post"}],"author":[{"embeddable":true,"href":"https:\/\/onlinetranslators.de\/news\/wp-json\/wp\/v2\/users\/1"}],"replies":[{"embeddable":true,"href":"https:\/\/onlinetranslators.de\/news\/wp-json\/wp\/v2\/comments?post=21879"}],"version-history":[{"count":0,"href":"https:\/\/onlinetranslators.de\/news\/wp-json\/wp\/v2\/posts\/21879\/revisions"}],"wp:featuredmedia":[{"embeddable":true,"href":"https:\/\/onlinetranslators.de\/news\/wp-json\/wp\/v2\/media\/21880"}],"wp:attachment":[{"href":"https:\/\/onlinetranslators.de\/news\/wp-json\/wp\/v2\/media?parent=21879"}],"wp:term":[{"taxonomy":"category","embeddable":true,"href":"https:\/\/onlinetranslators.de\/news\/wp-json\/wp\/v2\/categories?post=21879"},{"taxonomy":"post_tag","embeddable":true,"href":"https:\/\/onlinetranslators.de\/news\/wp-json\/wp\/v2\/tags?post=21879"}],"curies":[{"name":"wp","href":"https:\/\/api.w.org\/{rel}","templated":true}]}}