{"id":19937,"date":"2023-04-28T00:46:38","date_gmt":"2023-04-27T21:46:38","guid":{"rendered":"https:\/\/onlinetranslators.de\/news\/nachrichten\/kai-wegner-funf-fakten-uber-berlins-neuen-burgermeister\/"},"modified":"2023-04-28T00:46:38","modified_gmt":"2023-04-27T21:46:38","slug":"kai-wegner-funf-fakten-uber-berlins-neuen-burgermeister","status":"publish","type":"post","link":"https:\/\/onlinetranslators.de\/news\/nachrichten\/kai-wegner-funf-fakten-uber-berlins-neuen-burgermeister\/","title":{"rendered":"Kai Wegner: F\u00fcnf Fakten \u00fcber Berlins neuen B\u00fcrgermeister"},"content":{"rendered":"<p class=\"caps\">Im Abgeordnetenhaus ben\u00f6tigte Kai Wegner drei Anl\u00e4ufe: Erstmals seit mehr als 20 Jahren wurde wieder ein CDU-Politiker zum Regierenden B\u00fcrgermeister der Hauptstadt gew\u00e4hlt. Wer ist der Mann?  <\/p>\n<p>Im dritten Durchgang wurde er zum Berliner Regierungschef gew\u00e4hlt: Kai Wegner (CDU) ist neuer Regierender B\u00fcrgermeister von Berlin. In einer Koalition mit den Sozialdemokraten regiert er nun die Hauptstadt, seine Vorg\u00e4ngerin Franziska Giffey (SPD) wird wohl Wirtschaftssenatorin. Viele haben es ihm nicht zugetraut, nun steht er in einer Reihe mit Ernst Reuter, Richard von Weizs\u00e4cker, Eberhard Diepgen und Klaus Wowereit. Hier sind f\u00fcnf Fakten \u00fcber das neue Stadtoberhaupt:<\/p>\n<p><strong>Der Mann vom Stadtrand: <\/strong>Wegner, Jahrgang 1972, wuchs im dritten Stock eines Hochhauses in Hakenfelde auf, an der Grenze von Spandau, am westlichen Ende von Berlin. Dahinter ein bisschen Wald, dann schon die Mauer, jedenfalls in den Siebziger- und Achtzigerjahren, als er hier aufwuchs. Mehr Stadtrand geht nicht                                       . Die Mutter war Verk\u00e4uferin, der Vater Eisenflechter auf dem Bau. Als Schulsprecher setzte der junge Kai die Anschaffung einer Tischtennisplatte durch, das war sein erstes politisches Projekt.<\/p>\n<p><strong>Der Untersch\u00e4tzte<\/strong>: Dass Wegner bei der Wiederholungswahl zum Abgeordnetenhaus als Spitzenkandidat antreten durfte, hatte er vor allem seiner Beharrlichkeit zu verdanken \u2013 noch im Herbst gab es das Ger\u00fccht, die Bundes-CDU suche nach einem Ersatz, angeblich war Ex-Gesundheitsminister Jens Spahn im Gespr\u00e4ch. Auch in der Landespartei galt er vielen eher als Notkandidat. Wegner hat quasi eine Strategie daraus gemacht , dass man ihn untersch\u00e4tzt. Andere haben vielleicht mehr Glamour, aber man braucht in der Politik eben auch einen langen Atem. Und Flei\u00df. Beides hat Wegner.<\/p>\n<p><strong>Kai aus der Kiste<\/strong>: Wegner galt nach der Wiederholungswahl im Februar als K\u00f6nig ohne Thron, seine CDU fuhr zwar mit Abstand das beste Wahlergebnis ein, lag mit 28 Prozent zehn Punkte vor SPD und Gr\u00fcnen \u2013 nur koalieren wollte keiner mit ihm . Zun\u00e4chst schien alles auf eine Neuauflage der rot-gr\u00fcn-roten Koalition hinzudeuten, etwas derangiert durch die Stimmenverluste, aber dennoch mit einer stabilen Mehrheit. Dann kam der Sinneswandel bei Franziska Giffey  und ihrer SPD, und nun regiert Schwarz-Rot die Stadt, mit Wegner als B\u00fcrgermeister. Die n\u00e4chste Wahl zum Abgeordnetenhaus ist im Herbst 2026.<\/p>\n<p><strong>Auto-Kai:<\/strong> Eines der wichtigsten Wahlkampfthemen f\u00fcr die CDU war das Auto. Wegner inszenierte sich erfolgreich als Schutzpatron der Autofahrer , punktete damit vor allem in den Au\u00dfenbezirken der Stadt. Sein Symbolprojekt: die Verl\u00e4ngerung der A100 nach Lichtenberg. Der rot-rot-gr\u00fcne Senat war einm\u00fctig gegen den Ausbau am Rande der Innenstadt quer durch dicht besiedelte Wohngebiete, B\u00fcrgerinitiativen und Anwohner machen mobil. Doch die CDU will die hochumstrittene Fernstra\u00dfe verl\u00e4ngern. Kostenpunkt: bis zu einer Milliarde Euro. Das w\u00e4ren dann die teuersten 4,1 Kilometer Asphaltpiste der deutschen Autobahngeschichte.<\/p>\n<p><strong>Das Feindbild der Linken:<\/strong> Wegner unterst\u00fctzte einst den rechtslastigen Berliner Innensenator Heinrich Lummer, 2001 machte er mit dem Slogan \u00bbF\u00fcr ein starkes Spandau. Dynamisch. Demokratisch. Deutsch\u00ab Wahlkampf. Sp\u00e4ter verteidigte er Ex-Verfassungsschutzchef Hans-Georg Maa\u00dfen gegen Kritik aus der CDU. Wobei Wegner inzwischen weit weniger konservativ daherkommt, nun unterst\u00fctzt er das Parteiausschlussverfahren gegen Maa\u00dfen, und als seine CDU nach der Neuk\u00f6llner Silvesternacht vom Senat die Vornamen der Straft\u00e4ter wissen wollte, reagierte Wegner eher verhalten. Die Wut der in Berlin traditionell sehr renitenten Alternativszene ist ihm dennoch sicher.<\/p>\n","protected":false},"excerpt":{"rendered":"<p>Im Abgeordnetenhaus ben\u00f6tigte Kai Wegner drei Anl\u00e4ufe: Erstmals seit mehr als 20 Jahren wurde wieder ein CDU-Politiker zum Regierenden B\u00fcrgermeister der Hauptstadt gew\u00e4hlt. Wer ist der Mann? Im dritten Durchgang<\/p>\n","protected":false},"author":1,"featured_media":19938,"comment_status":"open","ping_status":"open","sticky":false,"template":"","format":"standard","meta":{"footnotes":""},"categories":[1],"tags":[],"class_list":["post-19937","post","type-post","status-publish","format-standard","has-post-thumbnail","hentry","category-nachrichten"],"_links":{"self":[{"href":"https:\/\/onlinetranslators.de\/news\/wp-json\/wp\/v2\/posts\/19937","targetHints":{"allow":["GET"]}}],"collection":[{"href":"https:\/\/onlinetranslators.de\/news\/wp-json\/wp\/v2\/posts"}],"about":[{"href":"https:\/\/onlinetranslators.de\/news\/wp-json\/wp\/v2\/types\/post"}],"author":[{"embeddable":true,"href":"https:\/\/onlinetranslators.de\/news\/wp-json\/wp\/v2\/users\/1"}],"replies":[{"embeddable":true,"href":"https:\/\/onlinetranslators.de\/news\/wp-json\/wp\/v2\/comments?post=19937"}],"version-history":[{"count":0,"href":"https:\/\/onlinetranslators.de\/news\/wp-json\/wp\/v2\/posts\/19937\/revisions"}],"wp:featuredmedia":[{"embeddable":true,"href":"https:\/\/onlinetranslators.de\/news\/wp-json\/wp\/v2\/media\/19938"}],"wp:attachment":[{"href":"https:\/\/onlinetranslators.de\/news\/wp-json\/wp\/v2\/media?parent=19937"}],"wp:term":[{"taxonomy":"category","embeddable":true,"href":"https:\/\/onlinetranslators.de\/news\/wp-json\/wp\/v2\/categories?post=19937"},{"taxonomy":"post_tag","embeddable":true,"href":"https:\/\/onlinetranslators.de\/news\/wp-json\/wp\/v2\/tags?post=19937"}],"curies":[{"name":"wp","href":"https:\/\/api.w.org\/{rel}","templated":true}]}}