{"id":19913,"date":"2023-04-26T22:19:20","date_gmt":"2023-04-26T19:19:20","guid":{"rendered":"https:\/\/onlinetranslators.de\/news\/nachrichten\/gefangnisstrafe-fur-aktivistin-der-letzten-generation-gefahrdungspotenzial-und-uneinsichtigkeit\/"},"modified":"2023-04-26T22:19:20","modified_gmt":"2023-04-26T19:19:20","slug":"gefangnisstrafe-fur-aktivistin-der-letzten-generation-gefahrdungspotenzial-und-uneinsichtigkeit","status":"publish","type":"post","link":"https:\/\/onlinetranslators.de\/news\/nachrichten\/gefangnisstrafe-fur-aktivistin-der-letzten-generation-gefahrdungspotenzial-und-uneinsichtigkeit\/","title":{"rendered":"Gef\u00e4ngnisstrafe f\u00fcr Aktivistin der \u00bbLetzten Generation\u00ab: \u00bbGef\u00e4hrdungspotenzial\u00ab und \u00bbUneinsichtigkeit\u00ab"},"content":{"rendered":"<p class=\"caps\">Maja W., Aktivistin der \u00bbLetzten Generation\u00ab, hatte sich an den Rahmen eines Gem\u00e4ldes geklebt. Unter anderem daf\u00fcr soll sie nun ins Gef\u00e4ngnis. Die Richterin spricht von einer neuen Phase der rechtlichen Auseinandersetzung.<\/p>\n","protected":false},"excerpt":{"rendered":"<p>Maja W., Aktivistin der \u00bbLetzten Generation\u00ab, hatte sich an den Rahmen eines Gem\u00e4ldes geklebt. Unter anderem daf\u00fcr soll sie nun ins Gef\u00e4ngnis. Die Richterin spricht von einer neuen Phase der<\/p>\n","protected":false},"author":1,"featured_media":19914,"comment_status":"open","ping_status":"open","sticky":false,"template":"","format":"standard","meta":{"footnotes":""},"categories":[1],"tags":[],"class_list":["post-19913","post","type-post","status-publish","format-standard","has-post-thumbnail","hentry","category-nachrichten"],"_links":{"self":[{"href":"https:\/\/onlinetranslators.de\/news\/wp-json\/wp\/v2\/posts\/19913","targetHints":{"allow":["GET"]}}],"collection":[{"href":"https:\/\/onlinetranslators.de\/news\/wp-json\/wp\/v2\/posts"}],"about":[{"href":"https:\/\/onlinetranslators.de\/news\/wp-json\/wp\/v2\/types\/post"}],"author":[{"embeddable":true,"href":"https:\/\/onlinetranslators.de\/news\/wp-json\/wp\/v2\/users\/1"}],"replies":[{"embeddable":true,"href":"https:\/\/onlinetranslators.de\/news\/wp-json\/wp\/v2\/comments?post=19913"}],"version-history":[{"count":0,"href":"https:\/\/onlinetranslators.de\/news\/wp-json\/wp\/v2\/posts\/19913\/revisions"}],"wp:featuredmedia":[{"embeddable":true,"href":"https:\/\/onlinetranslators.de\/news\/wp-json\/wp\/v2\/media\/19914"}],"wp:attachment":[{"href":"https:\/\/onlinetranslators.de\/news\/wp-json\/wp\/v2\/media?parent=19913"}],"wp:term":[{"taxonomy":"category","embeddable":true,"href":"https:\/\/onlinetranslators.de\/news\/wp-json\/wp\/v2\/categories?post=19913"},{"taxonomy":"post_tag","embeddable":true,"href":"https:\/\/onlinetranslators.de\/news\/wp-json\/wp\/v2\/tags?post=19913"}],"curies":[{"name":"wp","href":"https:\/\/api.w.org\/{rel}","templated":true}]}}