{"id":19899,"date":"2023-04-26T06:33:46","date_gmt":"2023-04-26T03:33:46","guid":{"rendered":"https:\/\/onlinetranslators.de\/news\/nachrichten\/news-spd-grune-fdp-letzte-generation-israel\/"},"modified":"2023-04-26T06:33:46","modified_gmt":"2023-04-26T03:33:46","slug":"news-spd-grune-fdp-letzte-generation-israel","status":"publish","type":"post","link":"https:\/\/onlinetranslators.de\/news\/nachrichten\/news-spd-grune-fdp-letzte-generation-israel\/","title":{"rendered":"News: SPD, Gr\u00fcne, FDP, Letzte Generation, Israel"},"content":{"rendered":"<p class=\"caps\">heute geht es um den Heizungsstreit in der Regierung, einen Strafprozess gegen eine Klimakleberin, Israels Unabh\u00e4ngigkeitstag und die sichere Niederlage von Kardinal Woelki.<\/p>\n<h3>Sie tagen wieder<\/h3>\n<p>Die Ampel-F\u00fchrung gibt es sich hart: Die letzte 30-Stunden-Sitzung des Koalitionsausschusses liegt kaum einen Monat zur\u00fcck. Da treffen sich heute die Spitzenleute von SPD, Gr\u00fcnen und FDP schon wieder. Man wolle sich \u00bb\u00fcber die allgemeine Lage austauschen\u00ab, sagte die gr\u00fcne Fraktionschefin Britta Ha\u00dfelmann. Die wirkt von au\u00dfen betrachtet nicht so stabil. Trotz der letzten Marathonsitzung, die sich vor allem um die geplante Umr\u00fcstungspflicht von Heizungen drehte, streitet die Koalition jetzt noch immer, ob das Projekt eine gute Idee ist.<\/p>\n<p>Jeder will \u00c4nderungen. Der FDP-Fraktionschef m\u00f6chte den \u00bbHeizungs-Hammer entsch\u00e4rfen\u00ab (ein etwas ungl\u00fcckliches Sprachbild), der SPD-Fraktionschef will die Holz- und Pelletheizungen retten, und Gesundheitsminister Karl Lauterbach fordert Ausnahmen f\u00fcr Krankenh\u00e4user. Zwar hat das Kabinett das Gesetz von Minister Robert Habeck verabschiedet, doch zugleich legte Christian Lindner eine Art unverbindliches Veto ein. Robert, der Kampf geht weiter!             So kann man Lindners Protokollerkl\u00e4rung zusammenfassen, nur dieses Mal ist es nicht solidarisch gemeint.<\/p>\n<p>Der liberale Bundesfinanzminister ist \u00fcbrigens Politikwissenschaftler (M.A.). H\u00e4tte er bei dieser Qualifikation \u00bbunter normalen Umst\u00e4nden\u00ab, also als Bewerber ohne demokratische Legitimation, \u00fcberhaupt einen Praktikumsplatz im Ministerium bekommen? Lindner kann von Gl\u00fcck sagen, dass er noch nicht ins Fadenkreuz eines prominenten Philosophie-Honorarprofessors aus Solingen geraten ist. Der sprach gerade der V\u00f6lkerrechtlerin Annalena Baerbock die Qualifikation als Au\u00dfenministerin ab: F\u00fcr sie h\u00e4tte es nicht mal zur Praktikantin im Ausw\u00e4rtigen Amt gereicht.                                       <\/p>\n<p>Wie kommt es wohl, dass der Philosoph die tats\u00e4chlich qualifizierte Baerbock anprangert, aber nicht ihren m\u00e4nnlichen Kabinettskollegen ohne passende Ausbildung f\u00fcr sein Ressort? Liegt es daran, dass Lindner im Nebenfach Philosophie studiert hat? Interessanterweise scheinen beide, Lindner wie Baerbock, ihre Ressorts rein fachlich gesehen ziemlich gut im Griff zu haben \u2013 egal, was man politisch von ihnen h\u00e4lt.<\/p>\n<p>Diesen Text lie\u00df die Autorin \u00fcbrigens sicherheitshalber von einer k\u00fcnstlichen Intelligenz verfassen. Nicht auszudenken, wenn bekannt w\u00fcrde, dass sie auf ihre erste Bewerbung beim SPIEGEL nicht mal eine Antwort bekam. Das war eben in Zeiten, als hier noch \u00bbnormale Umst\u00e4nde\u00ab herrschten.<\/p>\n<ul>\n<li>\n<p>FDP-Parteitag: Aufstand der Heizungsrebellen <\/p>\n<\/li>\n<\/ul>\n<h3>Der Justizminister haut drauf<\/h3>\n<p>Vor dem Amtsgericht Berlin Tiergarten steht heute eine Klimaschutz-Aktivistin der \u00bbLetzten Generation\u00ab vor Gericht. Weil sie sich an einer Stra\u00dfenblockade beteiligte und sich in der Berliner Gem\u00e4ldegalerie an den Rahmen des Cranach-Gem\u00e4ldes \u00bbRuhe auf der Flucht nach \u00c4gypten\u00ab klebte.<\/p>\n","protected":false},"excerpt":{"rendered":"<p>heute geht es um den Heizungsstreit in der Regierung, einen Strafprozess gegen eine Klimakleberin, Israels Unabh\u00e4ngigkeitstag und die sichere Niederlage von Kardinal Woelki. Sie tagen wieder Die Ampel-F\u00fchrung gibt es<\/p>\n","protected":false},"author":1,"featured_media":19900,"comment_status":"open","ping_status":"open","sticky":false,"template":"","format":"standard","meta":{"footnotes":""},"categories":[1],"tags":[],"class_list":["post-19899","post","type-post","status-publish","format-standard","has-post-thumbnail","hentry","category-nachrichten"],"_links":{"self":[{"href":"https:\/\/onlinetranslators.de\/news\/wp-json\/wp\/v2\/posts\/19899","targetHints":{"allow":["GET"]}}],"collection":[{"href":"https:\/\/onlinetranslators.de\/news\/wp-json\/wp\/v2\/posts"}],"about":[{"href":"https:\/\/onlinetranslators.de\/news\/wp-json\/wp\/v2\/types\/post"}],"author":[{"embeddable":true,"href":"https:\/\/onlinetranslators.de\/news\/wp-json\/wp\/v2\/users\/1"}],"replies":[{"embeddable":true,"href":"https:\/\/onlinetranslators.de\/news\/wp-json\/wp\/v2\/comments?post=19899"}],"version-history":[{"count":0,"href":"https:\/\/onlinetranslators.de\/news\/wp-json\/wp\/v2\/posts\/19899\/revisions"}],"wp:featuredmedia":[{"embeddable":true,"href":"https:\/\/onlinetranslators.de\/news\/wp-json\/wp\/v2\/media\/19900"}],"wp:attachment":[{"href":"https:\/\/onlinetranslators.de\/news\/wp-json\/wp\/v2\/media?parent=19899"}],"wp:term":[{"taxonomy":"category","embeddable":true,"href":"https:\/\/onlinetranslators.de\/news\/wp-json\/wp\/v2\/categories?post=19899"},{"taxonomy":"post_tag","embeddable":true,"href":"https:\/\/onlinetranslators.de\/news\/wp-json\/wp\/v2\/tags?post=19899"}],"curies":[{"name":"wp","href":"https:\/\/api.w.org\/{rel}","templated":true}]}}