{"id":19813,"date":"2023-04-22T03:30:57","date_gmt":"2023-04-22T00:30:57","guid":{"rendered":"https:\/\/onlinetranslators.de\/news\/nachrichten\/reichsburger-terrorgruppe-ex-soldat-in-haft-im-hunger-und-durststreik\/"},"modified":"2023-04-22T03:30:57","modified_gmt":"2023-04-22T00:30:57","slug":"reichsburger-terrorgruppe-ex-soldat-in-haft-im-hunger-und-durststreik","status":"publish","type":"post","link":"https:\/\/onlinetranslators.de\/news\/nachrichten\/reichsburger-terrorgruppe-ex-soldat-in-haft-im-hunger-und-durststreik\/","title":{"rendered":"\u00bbReichsb\u00fcrger\u00ab-Terrorgruppe: Ex-Soldat in Haft im Hunger- und Durststreik"},"content":{"rendered":"<p class=\"caps\">Ein Mitglied der \u00bbReichsb\u00fcrger\u00ab-Terrorgruppe um Heinrich XIII. Prinz Reu\u00df soll in Untersuchungshaft in den Hunger- und Durststreik getreten sein. Sein Mandant wolle so aus dem Leben scheiden, wird ein Anwalt zitiert.  <\/p>\n<p>Der ehemalige Bundeswehroberst Maximilian Eder, der wegen Terrorverdachts in der \u00bbReichsb\u00fcrger\u00ab-Gruppe um Heinrich XIII. Prinz Reu\u00df in Untersuchungshaft sitzt, hat offenbar einen Hunger- und Durststreik begonnen. Dar\u00fcber berichtet \u00bbZeit Online\u00ab            . Laut den Strafverteidigern des Inhaftierten soll Eder am Vormittag des 12. April in der Justizvollzugsanstalt Landshut ein \u00bbTodesfasten\u00ab begonnen haben. Sein Mandant nehme keine Nahrung und keine Fl\u00fcssigkeit mehr zu sich und wolle auf diese Weise aus dem Leben scheiden, wird ein Anwalt in dem Bericht zitiert.<\/p>\n<p>Der Generalbundesanwalt wirft dem ehemaligen Soldaten vor, er sei Mitglied in einer Terrorgruppe um Heinrich XIII. Prinz Reu\u00df gewesen. Gemeinsam mit den mutma\u00dflichen Mitverschw\u00f6rern habe Eder angestrebt, \u00bbdie bestehende staatliche Ordnung in Deutschland zu \u00fcberwinden\u00ab.<\/p>\n<p>Die Strafverteidiger des Ex-Obersts beantragten laut dem Bericht wegen der ihrer Ansicht nach \u00bbdramatischen Lage\u00ab einen Haftpr\u00fcfungstermin. Der Mandant sei nicht mehr haftf\u00e4hig. Der Bundesgerichtshof hat demnach am Mittwoch eine Haftpr\u00fcfung vorgenommen, aber offenbar bislang keine Entscheidung getroffen.<\/p>\n<p>Anfang Dezember waren bei einer bundesweiten Razzia 25 Angeh\u00f6rige der mutma\u00dflichen Terrorgruppe rund um Heinrich XIII. Prinz Reu\u00df festgenommen worden. Der fr\u00fchere Bundeswehroberst Maximilian Eder wurde in Italien festgenommen und ausgeliefert.<\/p>\n","protected":false},"excerpt":{"rendered":"<p>Ein Mitglied der \u00bbReichsb\u00fcrger\u00ab-Terrorgruppe um Heinrich XIII. Prinz Reu\u00df soll in Untersuchungshaft in den Hunger- und Durststreik getreten sein. Sein Mandant wolle so aus dem Leben scheiden, wird ein Anwalt<\/p>\n","protected":false},"author":1,"featured_media":19814,"comment_status":"open","ping_status":"open","sticky":false,"template":"","format":"standard","meta":{"footnotes":""},"categories":[1],"tags":[],"class_list":["post-19813","post","type-post","status-publish","format-standard","has-post-thumbnail","hentry","category-nachrichten"],"_links":{"self":[{"href":"https:\/\/onlinetranslators.de\/news\/wp-json\/wp\/v2\/posts\/19813","targetHints":{"allow":["GET"]}}],"collection":[{"href":"https:\/\/onlinetranslators.de\/news\/wp-json\/wp\/v2\/posts"}],"about":[{"href":"https:\/\/onlinetranslators.de\/news\/wp-json\/wp\/v2\/types\/post"}],"author":[{"embeddable":true,"href":"https:\/\/onlinetranslators.de\/news\/wp-json\/wp\/v2\/users\/1"}],"replies":[{"embeddable":true,"href":"https:\/\/onlinetranslators.de\/news\/wp-json\/wp\/v2\/comments?post=19813"}],"version-history":[{"count":0,"href":"https:\/\/onlinetranslators.de\/news\/wp-json\/wp\/v2\/posts\/19813\/revisions"}],"wp:featuredmedia":[{"embeddable":true,"href":"https:\/\/onlinetranslators.de\/news\/wp-json\/wp\/v2\/media\/19814"}],"wp:attachment":[{"href":"https:\/\/onlinetranslators.de\/news\/wp-json\/wp\/v2\/media?parent=19813"}],"wp:term":[{"taxonomy":"category","embeddable":true,"href":"https:\/\/onlinetranslators.de\/news\/wp-json\/wp\/v2\/categories?post=19813"},{"taxonomy":"post_tag","embeddable":true,"href":"https:\/\/onlinetranslators.de\/news\/wp-json\/wp\/v2\/tags?post=19813"}],"curies":[{"name":"wp","href":"https:\/\/api.w.org\/{rel}","templated":true}]}}