{"id":19672,"date":"2023-04-16T02:41:01","date_gmt":"2023-04-15T23:41:01","guid":{"rendered":"https:\/\/onlinetranslators.de\/news\/nachrichten\/koln-polizei-lost-palastinenser-versammlung-auf\/"},"modified":"2023-04-16T02:41:01","modified_gmt":"2023-04-15T23:41:01","slug":"koln-polizei-lost-palastinenser-versammlung-auf","status":"publish","type":"post","link":"https:\/\/onlinetranslators.de\/news\/nachrichten\/koln-polizei-lost-palastinenser-versammlung-auf\/","title":{"rendered":"K\u00f6ln: Polizei l\u00f6st Pal\u00e4stinenser-Versammlung auf"},"content":{"rendered":"<p class=\"caps\">Weil es mehrfach antisemitische Gewaltaufrufe gegen Israel gegeben haben soll, l\u00f6ste die Polizei in K\u00f6ln eine pal\u00e4stinensische Demonstration auf. Die Teilnehmer sollen au\u00dferdem gegen Auflagen versto\u00dfen haben.  <\/p>\n<p>Die Polizei hat am Samstag in K\u00f6ln-M\u00fclheim eine Kundgebung aufgel\u00f6st, bei der mehrfach zu Gewalt gegen das israelische Volk aufgerufen worden sein soll. Ein Schild in arabischer Schrift wurde sichergestellt. An der Demonstration hatten rund 30 Personen teilgenommen.<\/p>\n<p>Au\u00dferdem leitete die Polizei ein Strafverfahren gegen den Versammlungsleiter ein, weil er mehrfach gegen Auflagen f\u00fcr die Demo versto\u00dfen haben soll, teilten die Beamten am Samstag in K\u00f6ln mit            . Eine weitere Kundgebung von Pal\u00e4stinensern in der K\u00f6lner Innenstadt verlief dagegen ohne Zwischenf\u00e4lle.<\/p>\n","protected":false},"excerpt":{"rendered":"<p>Weil es mehrfach antisemitische Gewaltaufrufe gegen Israel gegeben haben soll, l\u00f6ste die Polizei in K\u00f6ln eine pal\u00e4stinensische Demonstration auf. Die Teilnehmer sollen au\u00dferdem gegen Auflagen versto\u00dfen haben. Die Polizei hat<\/p>\n","protected":false},"author":1,"featured_media":19673,"comment_status":"open","ping_status":"open","sticky":false,"template":"","format":"standard","meta":{"footnotes":""},"categories":[1],"tags":[],"class_list":["post-19672","post","type-post","status-publish","format-standard","has-post-thumbnail","hentry","category-nachrichten"],"_links":{"self":[{"href":"https:\/\/onlinetranslators.de\/news\/wp-json\/wp\/v2\/posts\/19672","targetHints":{"allow":["GET"]}}],"collection":[{"href":"https:\/\/onlinetranslators.de\/news\/wp-json\/wp\/v2\/posts"}],"about":[{"href":"https:\/\/onlinetranslators.de\/news\/wp-json\/wp\/v2\/types\/post"}],"author":[{"embeddable":true,"href":"https:\/\/onlinetranslators.de\/news\/wp-json\/wp\/v2\/users\/1"}],"replies":[{"embeddable":true,"href":"https:\/\/onlinetranslators.de\/news\/wp-json\/wp\/v2\/comments?post=19672"}],"version-history":[{"count":0,"href":"https:\/\/onlinetranslators.de\/news\/wp-json\/wp\/v2\/posts\/19672\/revisions"}],"wp:featuredmedia":[{"embeddable":true,"href":"https:\/\/onlinetranslators.de\/news\/wp-json\/wp\/v2\/media\/19673"}],"wp:attachment":[{"href":"https:\/\/onlinetranslators.de\/news\/wp-json\/wp\/v2\/media?parent=19672"}],"wp:term":[{"taxonomy":"category","embeddable":true,"href":"https:\/\/onlinetranslators.de\/news\/wp-json\/wp\/v2\/categories?post=19672"},{"taxonomy":"post_tag","embeddable":true,"href":"https:\/\/onlinetranslators.de\/news\/wp-json\/wp\/v2\/tags?post=19672"}],"curies":[{"name":"wp","href":"https:\/\/api.w.org\/{rel}","templated":true}]}}