{"id":19620,"date":"2023-04-13T22:10:43","date_gmt":"2023-04-13T19:10:43","guid":{"rendered":"https:\/\/onlinetranslators.de\/news\/nachrichten\/geleakte-us-geheimdokumente-fbi-meldet-festnahme-eines-tatverdachtigen\/"},"modified":"2023-04-13T22:10:43","modified_gmt":"2023-04-13T19:10:43","slug":"geleakte-us-geheimdokumente-fbi-meldet-festnahme-eines-tatverdachtigen","status":"publish","type":"post","link":"https:\/\/onlinetranslators.de\/news\/nachrichten\/geleakte-us-geheimdokumente-fbi-meldet-festnahme-eines-tatverdachtigen\/","title":{"rendered":"Geleakte US-Geheimdokumente: FBI meldet Festnahme eines Tatverd\u00e4chtigen"},"content":{"rendered":"<p class=\"caps\">Im Zusammenhang mit den geleakten Pentagon-Dokumenten ist ein Mann verhaftet worden. Das best\u00e4tigte der US-Justizminister. Es handelt sich um einen 21-j\u00e4hrigen Mitarbeiter der US-Luftwaffe.  <\/p>\n<p>In den Ermittlungen zum massiven Datenleck von Geheimdokumenten hat die US-Bundespolizei FBI einen Tatverd\u00e4chtigen festgenommen sowie dessen Zuhause durchsucht. Das best\u00e4tigte US-Justizminister Merrick Garland. Jack Teixeira sei heute Nachmittag \u00bbohne Zwischenf\u00e4lle\u00ab verhaftet worden und werde im Laufe des Tages vor einem Bundesbezirksgericht in Massachusetts angeklagt.<\/p>\n<p>Garland sagte, Teixeira sei beschuldigt worden, illegal \u00bbgeheime Verteidigungsinformationen\u00ab weitergegeben zu haben, und erkl\u00e4rte, die Ermittlungen w\u00fcrden fortgesetzt.<\/p>\n<p>Die \u00bbNew York Times\u00ab             hatte zuvor berichtet, etwa ein halbes Dutzend FBI-Agenten h\u00e4tten sich Zugang zum Grundst\u00fcck eines 21-J\u00e4hrigen verschafft. Es handelt sich nach bei Teixeira um einen Angeh\u00f6rigen der Nationalgarde aus dem Bundesstaat Massachusetts, der eine Chat-Gruppe auf der bei Videospielern beliebten Plattform Discord geleitet hat.<\/p>\n<h3>Fotos in sozialen Medien haben offenbar bei Identifizierung geholfen<\/h3>\n<p>Das Blatt schrieb, Details der Inneneinrichtung aus dem Elternhaus des 21-J\u00e4hrigen, die auf Familienfotos in sozialen Medien ver\u00f6ffentlicht worden seien, stimmten mit Details am Rand einiger Fotos der ver\u00f6ffentlichten Geheimdokumente \u00fcberein.<\/p>\n<p>Die \u00bbWashington Post\u00ab hatte zuvor unter Berufung auf Mitglieder der Discord-Gruppe ausf\u00fchrlich \u00fcber den jungen Mann berichtet, der sich selbst \u00bbOG\u00ab genannt hatte. Sp\u00e4ter identifizierte die Zeitung ihn ebenfalls mit seinem b\u00fcrgerlichen Namen. Er habe die brisanten Unterlagen zun\u00e4chst als Abschriften mit der Chat-Gruppe geteilt und sp\u00e4ter dort Fotos von ausgedruckten Dokumenten hochgeladen.<\/p>\n<h3>\u00bbEr ist fit. Er ist stark. Er ist bewaffnet\u00ab<\/h3>\n<p>In der Chat-Gruppe h\u00e4tten sich rund zwei Dutzend junge Leute mit Vorliebe f\u00fcr Waffen und Milit\u00e4rausr\u00fcstung zusammengeschlossen. Die Runde habe sich 2020 w\u00e4hrend der Coronapandemie gegr\u00fcndet. \u00bbOG\u00ab wird beschrieben als charismatischer Waffennarr mit d\u00fcsteren Ansichten und einem Hang zu Verschw\u00f6rungstheorien rund um die US-Regierung, die Geheimdienste und die Strafverfolgungsbeh\u00f6rden.<\/p>\n<p>Andere in der Gruppe h\u00e4tten ihn bewundert. \u00bbEr ist fit. Er ist stark. Er ist bewaffnet. Er ist trainiert. So ziemlich alles, was man von einem verr\u00fcckten Film erwarten kann\u00ab, sagte eines der Mitglieder. \u00bbOG\u00ab habe der Gruppe erz\u00e4hlt, dass er auf einem Milit\u00e4rst\u00fctzpunkt, wo er arbeitete, an die Dokumente gelangt sei. Dort habe er laut eigener Darstellung Teile des Tages in einer abgesicherten Einrichtung verbracht, in der Mobiltelefone und andere elektronische Ger\u00e4te verboten gewesen seien, mit denen Fotos oder Videos gemacht werden k\u00f6nnen. Daher habe er die Dokumente zun\u00e4chst abgeschrieben. Als sich das Abschreiben als zu m\u00fchsam erwies, begann er laut der Zeitung, Bilder zuvor ausgedruckter Papiere zu posten.<\/p>\n<p>Seit Wochen kursieren im Internet offensichtlich geheime Dokumente von US-Stellen, unter anderem vom Verteidigungsministerium, zum russischen Angriffskrieg gegen die Ukraine. US-Medien berichteten kurz vor Ostern erstmals \u00fcber die Informationen \u00fcber beide Kriegsparteien \u2013 ohne die Dokumente selbst zu ver\u00f6ffentlichen. Intensiv wird nach der Person gesucht, die diese Dokumente publiziert hat. Die US-Beh\u00f6rden ermitteln.<\/p>\n","protected":false},"excerpt":{"rendered":"<p>Im Zusammenhang mit den geleakten Pentagon-Dokumenten ist ein Mann verhaftet worden. Das best\u00e4tigte der US-Justizminister. Es handelt sich um einen 21-j\u00e4hrigen Mitarbeiter der US-Luftwaffe. In den Ermittlungen zum massiven Datenleck<\/p>\n","protected":false},"author":1,"featured_media":19621,"comment_status":"open","ping_status":"open","sticky":false,"template":"","format":"standard","meta":{"footnotes":""},"categories":[1],"tags":[],"class_list":["post-19620","post","type-post","status-publish","format-standard","has-post-thumbnail","hentry","category-nachrichten"],"_links":{"self":[{"href":"https:\/\/onlinetranslators.de\/news\/wp-json\/wp\/v2\/posts\/19620","targetHints":{"allow":["GET"]}}],"collection":[{"href":"https:\/\/onlinetranslators.de\/news\/wp-json\/wp\/v2\/posts"}],"about":[{"href":"https:\/\/onlinetranslators.de\/news\/wp-json\/wp\/v2\/types\/post"}],"author":[{"embeddable":true,"href":"https:\/\/onlinetranslators.de\/news\/wp-json\/wp\/v2\/users\/1"}],"replies":[{"embeddable":true,"href":"https:\/\/onlinetranslators.de\/news\/wp-json\/wp\/v2\/comments?post=19620"}],"version-history":[{"count":0,"href":"https:\/\/onlinetranslators.de\/news\/wp-json\/wp\/v2\/posts\/19620\/revisions"}],"wp:featuredmedia":[{"embeddable":true,"href":"https:\/\/onlinetranslators.de\/news\/wp-json\/wp\/v2\/media\/19621"}],"wp:attachment":[{"href":"https:\/\/onlinetranslators.de\/news\/wp-json\/wp\/v2\/media?parent=19620"}],"wp:term":[{"taxonomy":"category","embeddable":true,"href":"https:\/\/onlinetranslators.de\/news\/wp-json\/wp\/v2\/categories?post=19620"},{"taxonomy":"post_tag","embeddable":true,"href":"https:\/\/onlinetranslators.de\/news\/wp-json\/wp\/v2\/tags?post=19620"}],"curies":[{"name":"wp","href":"https:\/\/api.w.org\/{rel}","templated":true}]}}