{"id":19608,"date":"2023-04-13T09:46:58","date_gmt":"2023-04-13T06:46:58","guid":{"rendered":"https:\/\/onlinetranslators.de\/news\/nachrichten\/news-wladimir-putin-russland-ukraine-krieg-atomkraft-prinz-harry-konig-charles-iii\/"},"modified":"2023-04-13T09:46:58","modified_gmt":"2023-04-13T06:46:58","slug":"news-wladimir-putin-russland-ukraine-krieg-atomkraft-prinz-harry-konig-charles-iii","status":"publish","type":"post","link":"https:\/\/onlinetranslators.de\/news\/nachrichten\/news-wladimir-putin-russland-ukraine-krieg-atomkraft-prinz-harry-konig-charles-iii\/","title":{"rendered":"News: Wladimir Putin, Russland, Ukraine, Krieg, Atomkraft, Prinz Harry, K\u00f6nig Charles III."},"content":{"rendered":"<h3>Die Willk\u00fcr des russischen Regimes<\/h3>\n<p class=\"caps\">Der fr\u00fchere US-Pr\u00e4sident Ronald Reagan musste viel Kritik einstecken, als er die Sowjetunion seinerzeit als das Reich des B\u00f6sen bezeichnete. Heute, unter der v\u00f6llig au\u00dfer Kontrolle geratenen Herrschaft von Wladimir Putin, scheint das gemeine Etikett f\u00fcr Russland fast mehr zuzutreffen als noch zu Zeiten des Kalten Krieges. Man muss das leider so sagen.<\/p>\n<p>Es ist ja nicht nur der russische Angriffskrieg auf die Ukraine, der gegen alle Normen und Regeln des Umgangs zivilisierter Nationen miteinander verst\u00f6\u00dft, sondern auch das, was Putin und seine Leute im russischen Namen sonst so anstellen. Drei aktuelle Nachrichten machen dies einmal mehr deutlich.<\/p>\n<p>Die russische Justiz h\u00e4lt den <strong>Oppositionsf\u00fchrer Alexej Nawalny<\/strong> weiter mit fadenscheinigen Argumenten gefangen. Dessen Gesundheitszustand hat sich in der Haft nach Angaben seines Anwalts in den vergangenen Tagen weiter verschlechtert. Trotzdem soll Nawalny nun erneut in eine Einzelzelle verlegt worden sein. In dem sogenannten Strafisolator herrschen besonders schwere Haftbedingungen: So d\u00fcrfen Gefangene in der Zeit keine Besuche oder P\u00e4ckchen empfangen, nicht telefonieren. Das Mitbringen von Lebensmitteln und pers\u00f6nlichen Gegenst\u00e4nden ist ebenfalls verboten.<\/p>\n<p>Niemand ist in Russland vor der Willk\u00fcr der Oberen gesch\u00fctzt. Der <strong>\u00bbWall Street Journal\u00ab-Reporter Evan Gershkovich<\/strong> wird wegen Spionageverdachts weiter in Moskau festgehalten. Er ist eine weitere politische Geisel des Kreml. Der Fall des 31-J\u00e4hrigen wurde laut russischen Medien als \u00bbstreng geheim\u00ab eingestuft; ihm drohen demnach 20 Jahre Haft. US-Pr\u00e4sident Joe Biden hat die Festnahme des amerikanischen Journalisten als \u00bbv\u00f6llig illegal\u00ab bezeichnet, damit werde eine Grenze \u00fcberschritten.<\/p>\n<p><strong>In der Ukraine sorgt derweil ein Video f\u00fcr Emp\u00f6rung, das die vermeintliche Enthauptung eines ukrainischen Soldaten durch russische K\u00e4mpfer zeigen soll. <\/strong>Das Bildmaterial konnte bislang nicht unabh\u00e4ngig \u00fcberpr\u00fcft werden. Sollte es jedoch echt sein, w\u00e4re dies ein weiteres schweres Kriegsverbrechen, das russische Streitkr\u00e4fte in der Ukraine ver\u00fcbt h\u00e4tten.<\/p>\n<p>Der Kreml hat die Echtheit des Videos bereits angezweifelt. Nat\u00fcrlich. In der Welt von Wladimir Putin gibt es auch keine willk\u00fcrlichen Verhaftungen, sondern nur eine astreine, blitzsaubere Justiz.<\/p>\n<ul>\n<li>\n<p>Russland versch\u00e4rft Einberufungsregeln: Blankoscheck f\u00fcrs Milit\u00e4r                                       <\/p>\n<\/li>\n<\/ul>\n<p>Mehr Nachrichten und Hintergr\u00fcnde zum Krieg in der Ukraine finden Sie hier:<\/p>\n<ul>\n<li>\n<p><strong>Die j\u00fcngsten Entwicklungen: <\/strong>Ein russischer Ex-S\u00f6ldner erhebt einem Bericht zufolge schwere Vorw\u00fcrfe gegen fr\u00fchere Kameraden. Selenskyj pocht darauf, russisches Verm\u00f6gen zu beschlagnahmen. Und: Baerbock nach China unterwegs. Der \u00dcberblick.<\/p>\n<\/li>\n<li>\n<p><strong>Belarus hat Maschas Vater offenbar nach Moskau ausgeliefert: <\/strong>Alles begann mit einem Antikriegsbild einer 13-J\u00e4hrigen: Das M\u00e4dchen selbst kam ins Heim, ihr Vater floh ins Ausland. Nun befindet sich Alexej Moskaljow laut einem Bericht bereits in russischem Gewahrsam.<\/p>\n<\/li>\n<li>\n<p><strong>Warum die Ukraine um ihren Drohnenvorteil bangt: <\/strong>Moskau und Kiew nutzen chinesische DJI-Drohnen, um Frontstellungen auszukundschaften. Nun f\u00fcrchten ukrainische Soldaten, dass Russland die fliegenden Augen weitgehend nutzlos machen k\u00f6nnte. <\/p>\n<\/li>\n<\/ul>\n<h3>Das Ende ist nahe \u2013 f\u00fcr die Atomkraft<\/h3>\n<p>Es merkt noch niemand so richtig, aber Deutschland n\u00e4hert sich einem Termin, der bald in die Geschichtsb\u00fccher eingehen wird. <strong>Am kommenden Samstag werden die letzten drei Atomkraftwerke im Land abgeschaltet \u2013 Isar 2 in Bayern, Emsland in Niedersachsen und Neckarwestheim 2 in Baden-W\u00fcrttemberg.<\/strong> Eigentlich sollten sie schon im vergangenen Jahr vom Netz gehen. Doch wegen der Angst vor Energieknappheit infolge des Krieges in der Ukraine beschloss die Ampel, die Meiler \u00fcber den Winter noch laufen zu lassen.<\/p>\n<p>Nicht alle sind \u00fcber das Ende der Atomkraft so begeistert wie die Gr\u00fcnen und ihre W\u00e4hlerinnen und W\u00e4hler, f\u00fcr die das ein echter Erfolg ist. In Bayern grummelt die CSU, deren <strong>Stammvater Franz Josef Strau\u00df<\/strong> die Atomkraft seinerzeit zusammen mit der Kraftwerk-Union in Erlangen gleicherma\u00dfen mit erfunden hat (so geht die Sage). Strau\u00df\u2019 Nach-Nach-Nach-Nach-Nach-Nachfolger, <strong>Ministerpr\u00e4sident Markus S\u00f6der<\/strong>, will deshalb heute, kurz vor der Abschaltung, das Kraftwerk Isar 2 besuchen. Vermutlich geht es ihm auch darum, einmal mehr zu sagen, dass er sich eine Laufzeitverl\u00e4ngerung f\u00fcr die Meiler h\u00e4tte vorstellen k\u00f6nnen.<\/p>\n<p>Wie auch immer: In Deutschland endet damit ein energiepolitisches Kapitel. Und f\u00fcr viele Gr\u00fcne und die Anti-Atomkraft-Bewegung f\u00e4llt ein Lebensthema weg. Anti-Atom-Demos, Atomdebatten im Bundestag, all das geh\u00f6rt bald nur noch der Vergangenheit an. Zumindest dar\u00fcber w\u00fcrde sich Franz-Josef Strau\u00df vermutlich freuen.<\/p>\n<ul>\n<li>\n<p>Vor Atomausstieg am 15. April: RWE best\u00e4tigt Aus f\u00fcr Kernkraftwerk Emsland<\/p>\n<\/li>\n<\/ul>\n<h3>Joe Bidens ehrgeiziger Autoplan<\/h3>\n<p><strong>In den USA bahnt sich im Automobilsektor eine Revolution an. <\/strong>Die Regierung von US-Pr\u00e4sident Joe Biden will die Autobauer mit zwei neuen Regelwerken dazu zwingen, ihre Produktion in k\u00fcrzester Zeit von Verbrennungsmotoren auf Elektroantriebe umzustellen. Die neuen Regeln zur Begrenzung des CO\u2082-Aussto\u00dfes, die von der Umweltbeh\u00f6rde EPA durchgesetzt werden sollen, k\u00f6nnten dazu f\u00fchren, dass bis 2032 zwei Drittel aller Neuwagen und ein Viertel aller Lastwagen mit elektrischem Antrieb fahren werden.<\/p>\n<p>Derzeit sind nur 5,8 Prozent der Neuwagen in den USA elektrisch. Einziger Sch\u00f6nheitsfehler der neuen Regelungen: Es d\u00fcrfte nicht lange dauern, bis dagegen geklagt wird \u2013 zum Beispiel von Biden-Kritikern, die in den neuen Regeln einen generellen \u00dcbergriff des Staates auf die pers\u00f6nliche Freiheit seiner B\u00fcrgerinnen und B\u00fcrger sehen. \u00dcber die Zukunft der Elektrofahrzeuge im Land k\u00f6nnten dann am Ende die Gerichte entscheiden.<\/p>\n<p>Die meisten Autobauer im Land \u2013 auch die deutscher Herkunft \u2013 haben sich indes schon auf den Ausbau der Produktion f\u00fcr Elektrofahrzeuge eingestellt. Allein BMW plant in diesem Bereich Investitionen von mehr als 1,7 Milliarden Dollar im Bundesstaat South Carolina, wo es bereits ein gro\u00dfes Werk gibt. Wie es aussieht, k\u00f6nnte der stinkende Pick-up so in den USA bald der Vergangenheit angeh\u00f6ren. Wenn 2024 nicht die Republikaner an die Macht kommen und diese Pl\u00e4ne wieder begraben.<\/p>\n<ul>\n<li>\n<p>Natrium-Ionen-Akkus f\u00fcr Elektroautos: G\u00fcnstiger, gr\u00fcner, schneller geladen <\/p>\n<\/li>\n<\/ul>\n<h3>Hier geht\u2019s zum aktuellen Tagesquiz<\/h3>\n<h3>Gewinner des Tages&#8230;<\/h3>\n<p>\u2026ist <strong>K\u00f6nig Charles III.<\/strong> in Gro\u00dfbritannien. Wenige Wochen vor der feierlichen Kr\u00f6nungszeremonie f\u00fcr den neuen Monarchen in London am 6. Mai wurde eine delikate Einladungsfrage gel\u00f6st. Sein j\u00fcngster Sohn, Prinz Harry, wird nun allein an der Feier teilnehmen, seine Frau Meghan Markle bleibt in Los Angeles. <strong>Angeblich auch, weil eines ihrer Kinder am Tag der Kr\u00f6nung Geburtstag feiert.<\/strong><\/p>\n<p>Das ist f\u00fcr alle eine Erleichterung, weil die amerikanische Schauspielerin Meghan von den K\u00f6nigstreuen auf der Insel mehr oder weniger daf\u00fcr verantwortlich gemacht wird, dass sich Harry von seiner Familie entfremdet hat. Ihre Teilnahme an den Feierlichkeiten h\u00e4tte zudem ohne Zweifel die gesamte Aufmerksamkeit von Charles auf die Familienstreitigkeiten gelenkt. <strong>So wird das Wiedersehen mit Harry vermutlich nur halb so peinlich f\u00fcr alle Windsors.<\/strong> Charles III. d\u00fcrfte erleichtert sein. Jetzt muss am 6. Mai in London nur noch die Sonne scheinen.<\/p>\n<h3>Die j\u00fcngsten Meldungen aus der Nacht<\/h3>\n<ul>\n<li>\n<p><strong>Nordkorea feuert offenbar Rakete ab \u2013 Alarm auf japanischer Insel:<\/strong> Das Regime in Pj\u00f6ngjang hat nach Angaben aus Seoul und Tokio mit einem neuen Raketentest f\u00fcr Aufregung gesorgt: Zwischenzeitlich wurden die Menschen auf der japanischen Insel Hokkaido gar zur Evakuierung aufgerufen.<\/p>\n<\/li>\n<li>\n<p><strong>Trump verklagt Ex-Anwalt Cohen und fordert eine halbe Milliarde Dollar:<\/strong> Mehr als zehn Jahre arbeitete der Jurist Michael Cohen f\u00fcr Ex-Pr\u00e4sident Trump \u2013 der ihn nun verklagt. So habe Cohen etwa \u00bbin b\u00f6swilliger Absicht\u00ab Unwahrheiten verbreitet. Trump will sehr gro\u00dfz\u00fcgig entsch\u00e4digt werden.<\/p>\n<\/li>\n<li>\n<p><strong>Hund nach 240-Kilometer-Odyssee wieder mit Familie vereint: <\/strong>Ein Australian Shephard verschwand auf einer Alaska-Insel \u2013 und ist auf mysteri\u00f6se Weise nach einem Monat an einem 240 Kilometer entfernten Ort wieder aufgetaucht. Ganz unversehrt war er allerdings nicht.<\/p>\n<\/li>\n<\/ul>\n<h3>Die SPIEGEL+-Empfehlungen f\u00fcr heute<\/h3>\n<ul>\n<li>\n<p><strong>\u00bbDie Probleme werden totgeschwiegen\u00ab:<\/strong> Der Marburger Kardiologe Bernhard Schieffer behandelt Menschen, die nach Covid-Impfungen an Langzeitsymptomen leiden. Er bem\u00e4ngelt fehlende Unterst\u00fctzung \u2013 und kritisiert Gesundheitsminister Karl Lauterbach. <\/p>\n<\/li>\n<li>\n<p><strong>Frau Stillstand und Herr Aufstieg: <\/strong>Beide hatten einen schweren Start ins Leben, beiden versuchte der Sozialstaat zu helfen. Heute ist er Jurist, sie lebt am Existenzminimum. Was muss passieren, damit der Weg aus dem Prekariat gelingt? <\/p>\n<\/li>\n<li>\n<p><strong>Was alte Holzkohle \u00fcber den Wald der Zukunft verr\u00e4t<\/strong>: Wie \u00fcberstehen deutsche W\u00e4lder die Erderhitzung? Auf der Suche nach klimaresilienten B\u00e4umen sind Forstwirte in Sachsen nun eine ungew\u00f6hnliche Allianz eingegangen \u2013 mit Arch\u00e4ologen. <\/p>\n<\/li>\n<li>\n<p><strong>Als Christian Dior einmal nicht auf seine Hellseherin h\u00f6rte:<\/strong> Kleebl\u00e4tter, Maigl\u00f6ckchen und Sternzeichen bei Dior und immer wieder die Nummer f\u00fcnf bei Chanel: Warum gro\u00dfe Modeh\u00e4user ihre Legenden pflegen und auf Astrologie, Zahlen und andere Gl\u00fcckssymbole schw\u00f6ren. <\/p>\n<\/li>\n<\/ul>\n<p>Ich w\u00fcnsche Ihnen einen guten Start in den Tag.<\/p>\n<p><em>Ihr Roland Nelles, US-Korrespondent<\/em><\/p>\n","protected":false},"excerpt":{"rendered":"<p>Die Willk\u00fcr des russischen Regimes Der fr\u00fchere US-Pr\u00e4sident Ronald Reagan musste viel Kritik einstecken, als er die Sowjetunion seinerzeit als das Reich des B\u00f6sen bezeichnete. Heute, unter der v\u00f6llig au\u00dfer<\/p>\n","protected":false},"author":1,"featured_media":19609,"comment_status":"open","ping_status":"open","sticky":false,"template":"","format":"standard","meta":{"footnotes":""},"categories":[1],"tags":[],"class_list":["post-19608","post","type-post","status-publish","format-standard","has-post-thumbnail","hentry","category-nachrichten"],"_links":{"self":[{"href":"https:\/\/onlinetranslators.de\/news\/wp-json\/wp\/v2\/posts\/19608","targetHints":{"allow":["GET"]}}],"collection":[{"href":"https:\/\/onlinetranslators.de\/news\/wp-json\/wp\/v2\/posts"}],"about":[{"href":"https:\/\/onlinetranslators.de\/news\/wp-json\/wp\/v2\/types\/post"}],"author":[{"embeddable":true,"href":"https:\/\/onlinetranslators.de\/news\/wp-json\/wp\/v2\/users\/1"}],"replies":[{"embeddable":true,"href":"https:\/\/onlinetranslators.de\/news\/wp-json\/wp\/v2\/comments?post=19608"}],"version-history":[{"count":0,"href":"https:\/\/onlinetranslators.de\/news\/wp-json\/wp\/v2\/posts\/19608\/revisions"}],"wp:featuredmedia":[{"embeddable":true,"href":"https:\/\/onlinetranslators.de\/news\/wp-json\/wp\/v2\/media\/19609"}],"wp:attachment":[{"href":"https:\/\/onlinetranslators.de\/news\/wp-json\/wp\/v2\/media?parent=19608"}],"wp:term":[{"taxonomy":"category","embeddable":true,"href":"https:\/\/onlinetranslators.de\/news\/wp-json\/wp\/v2\/categories?post=19608"},{"taxonomy":"post_tag","embeddable":true,"href":"https:\/\/onlinetranslators.de\/news\/wp-json\/wp\/v2\/tags?post=19608"}],"curies":[{"name":"wp","href":"https:\/\/api.w.org\/{rel}","templated":true}]}}