{"id":19604,"date":"2023-04-13T05:41:20","date_gmt":"2023-04-13T02:41:20","guid":{"rendered":"https:\/\/onlinetranslators.de\/news\/nachrichten\/news-zum-russland-ukraine-krieg-das-geschah-in-der-nacht-zu-donnerstag-13-april\/"},"modified":"2023-04-13T05:41:20","modified_gmt":"2023-04-13T02:41:20","slug":"news-zum-russland-ukraine-krieg-das-geschah-in-der-nacht-zu-donnerstag-13-april","status":"publish","type":"post","link":"https:\/\/onlinetranslators.de\/news\/nachrichten\/news-zum-russland-ukraine-krieg-das-geschah-in-der-nacht-zu-donnerstag-13-april\/","title":{"rendered":"News zum Russland-Ukraine-Krieg: Das geschah in der Nacht zu Donnerstag (13. April)"},"content":{"rendered":"<p class=\"caps\">Ein russischer Ex-S\u00f6ldner erhebt einem Bericht zufolge schwere Vorw\u00fcrfe gegen fr\u00fchere Kameraden. Selenskyj pocht darauf, russisches Verm\u00f6gen zu beschlagnahmen. Und: Baerbock nach China unterwegs. Die j\u00fcngsten Entwicklungen.  <\/p>\n<h3>Was in den vergangenen Stunden geschah<\/h3>\n<p>Die internationale Emp\u00f6rung \u00fcber ein Video, das die Enthauptung eines ukrainischen Kriegsgefangenen zeigen soll, h\u00e4lt weiter an. Nun erkl\u00e4rte der Gr\u00fcnder der russischen B\u00fcrgerrechtsorganisation Gulagu.net, Wladimir Ossetschkin, ein russischer Ex-S\u00f6ldner habe fr\u00fchere Kameraden als T\u00e4ter identifiziert.<\/p>\n<p>Man habe das Video Andrej Medwedew zukommen lassen, sagte Ossetschkin. Medwedew k\u00e4mpfte einst selbst f\u00fcr die ber\u00fcchtigte russische S\u00f6ldnergruppe Wagner. Vor Monaten floh er dann nach Norwegen                                       , derzeit ist er in Schweden inhaftiert. \u00bbEr hat es mehrmals aufmerksam angeh\u00f6rt und geschaut, und er erkennt dort eindeutig seine fr\u00fcheren Kollegen, K\u00e4mpfer der S\u00f6ldnertruppe Wagner\u00ab, sagte Ossetschkin nun in einem Beitrag, der auf dem YouTube-Kanal des im Ausland lebenden russischen Oppositionellen Michail Chodorkowski ver\u00f6ffentlicht wurde. <\/p>\n<p>Medwedew habe die M\u00e4nner anhand \u00bbcharakteristischer Rufzeichen und ihrer Art zu sprechen\u00ab identifiziert.<\/p>\n<p>Das eine Minute und 40 Sekunden lange Video wird seit Dienstag in Onlinenetzwerken verbreitet. Es zeigt unter anderem, wie ein uniformierter Mann von einem anderen enthauptet wird. Der T\u00e4ter tr\u00e4gt dabei eine f\u00fcr russische Soldaten typische wei\u00dfe Kennzeichnung an der Kleidung. Unklar ist bisher, ob das Video echt ist und von wann es stammt. Moskau forderte eine \u00bbPr\u00fcfung\u00ab des Videos.<\/p>\n<h3>Das sagt Kiew<\/h3>\n<p>Der ukrainische Pr\u00e4sident Wolodymyr Selenskyj hatte das Video am Mittwoch als Beleg f\u00fcr die Brutalit\u00e4t Russlands bezeichnet. Bei einem Runden Tisch zur Ukraine w\u00e4hrend der Fr\u00fchjahrstagung des Internationalen W\u00e4hrungsfonds (IWF) und der Weltbank rief Selenskyj nun zu einer Schweigeminute auf. \u00bbIch bitte Sie nun, mit einer Schweigeminute des ukrainischen Soldaten zu gedenken, dessen Tod wir gestern alle miterlebt haben\u00ab, sagte der per Video zugeschaltete Pr\u00e4sident. Er erinnerte auch an die weiteren Opfer des russischen Angriffskriegs. Daraufhin hielten Selenskyj und die weiteren Teilnehmerinnen und Teilnehmer des Treffens kurz inne.<\/p>\n<p>\u00bbDie Ukraine durchlebt derzeit einen Sturm der Gef\u00fchle\u00ab, sagte Selenskyj weiter. Die russische Armee versuche, dieses Ausma\u00df an Gewalt und Gr\u00e4ueltaten \u00fcberall in der Ukraine zur Routine werden zu lassen und sei stolz darauf. \u00bbDie lange Geschichte der russischen Straflosigkeit muss endlich aufh\u00f6ren.\u00ab<\/p>\n","protected":false},"excerpt":{"rendered":"<p>Ein russischer Ex-S\u00f6ldner erhebt einem Bericht zufolge schwere Vorw\u00fcrfe gegen fr\u00fchere Kameraden. Selenskyj pocht darauf, russisches Verm\u00f6gen zu beschlagnahmen. Und: Baerbock nach China unterwegs. Die j\u00fcngsten Entwicklungen. Was in den<\/p>\n","protected":false},"author":1,"featured_media":19605,"comment_status":"open","ping_status":"open","sticky":false,"template":"","format":"standard","meta":{"footnotes":""},"categories":[1],"tags":[],"class_list":["post-19604","post","type-post","status-publish","format-standard","has-post-thumbnail","hentry","category-nachrichten"],"_links":{"self":[{"href":"https:\/\/onlinetranslators.de\/news\/wp-json\/wp\/v2\/posts\/19604","targetHints":{"allow":["GET"]}}],"collection":[{"href":"https:\/\/onlinetranslators.de\/news\/wp-json\/wp\/v2\/posts"}],"about":[{"href":"https:\/\/onlinetranslators.de\/news\/wp-json\/wp\/v2\/types\/post"}],"author":[{"embeddable":true,"href":"https:\/\/onlinetranslators.de\/news\/wp-json\/wp\/v2\/users\/1"}],"replies":[{"embeddable":true,"href":"https:\/\/onlinetranslators.de\/news\/wp-json\/wp\/v2\/comments?post=19604"}],"version-history":[{"count":0,"href":"https:\/\/onlinetranslators.de\/news\/wp-json\/wp\/v2\/posts\/19604\/revisions"}],"wp:featuredmedia":[{"embeddable":true,"href":"https:\/\/onlinetranslators.de\/news\/wp-json\/wp\/v2\/media\/19605"}],"wp:attachment":[{"href":"https:\/\/onlinetranslators.de\/news\/wp-json\/wp\/v2\/media?parent=19604"}],"wp:term":[{"taxonomy":"category","embeddable":true,"href":"https:\/\/onlinetranslators.de\/news\/wp-json\/wp\/v2\/categories?post=19604"},{"taxonomy":"post_tag","embeddable":true,"href":"https:\/\/onlinetranslators.de\/news\/wp-json\/wp\/v2\/tags?post=19604"}],"curies":[{"name":"wp","href":"https:\/\/api.w.org\/{rel}","templated":true}]}}