{"id":19602,"date":"2023-04-13T03:27:05","date_gmt":"2023-04-13T00:27:05","guid":{"rendered":"https:\/\/onlinetranslators.de\/news\/nachrichten\/emmanuel-macron-betont-geschlossene-haltung-europas-im-taiwan-konflikt\/"},"modified":"2023-04-13T03:27:05","modified_gmt":"2023-04-13T00:27:05","slug":"emmanuel-macron-betont-geschlossene-haltung-europas-im-taiwan-konflikt","status":"publish","type":"post","link":"https:\/\/onlinetranslators.de\/news\/nachrichten\/emmanuel-macron-betont-geschlossene-haltung-europas-im-taiwan-konflikt\/","title":{"rendered":"Emmanuel Macron betont geschlossene Haltung Europas im Taiwan-Konflikt"},"content":{"rendered":"<p class=\"caps\">Emmanuel Macron ist f\u00fcr seine \u00c4u\u00dferungen zur aktuellen Lage im Indopazifik teils scharf kritisiert worden. In Amsterdam versuchte Frankreichs Pr\u00e4sident zu beschwichtigen, betonte aber auch erneut Europas Souver\u00e4nit\u00e4t.  <\/p>\n<p>Der franz\u00f6sische Pr\u00e4sident Emmanuel Macron hat nach Wirbel um seine Aussagen zum Taiwan-Konflikt die geschlossene Haltung Frankreichs und Europas betont. Beiden sei am Status quo sowie einer friedlichen L\u00f6sung der Frage gelegen, die Position sei konstant, sagte Macron am Abend in Amsterdam.<\/p>\n<p>Es gehe darum, die Einheit Europas gegen\u00fcber China zu sch\u00fctzen und ein einheitliches Herangehen der EU sicherzustellen. Allerdings unterst\u00fctze Frankreich keine Provokationen mit Blick auf Taiwan und sei f\u00fcr Klarheit und Respekt. Vor seiner China-Reise habe er sich zu dem Thema mit US-Pr\u00e4sident Joe Biden ausgetauscht.<\/p>\n<p>Der niederl\u00e4ndische Premier Mark Rutte stimmte Macron in seiner Forderung nach mehr strategischer Souver\u00e4nit\u00e4t Europas zu. \u00bbEuropa muss nicht Spielfeld sein, sondern Spieler\u00ab, sagte Rutte in Amsterdam. Europa m\u00fcsse weniger abh\u00e4ngig werden unter anderem von China, wenn es um Grundstoffe und hochwertige Technologie gehe. Europa m\u00fcsse auch geopolitisch eine deutliche Stimme bekommen, gerade im Blick auf die gr\u00fcnen und digitalen Ziele Europas. Rutte best\u00e4tigte aber zugleich, dass dies keine Schw\u00e4chung des B\u00fcndnisses mit den USA sei. Europa sei zuverl\u00e4ssiger und fester Verb\u00fcndeter der USA. \u00bbDas transatlantische Band ist essenziell.\u00ab<\/p>\n<p>Auf dem R\u00fcckflug von einer Reise nach China hatte Macron in einem Interview gesagt: \u00bbDas Schlimmste w\u00e4re zu denken, dass wir Europ\u00e4er bei diesem Thema Mitl\u00e4ufer sein sollten und uns an den amerikanischen Rhythmus und eine chinesische \u00dcberreaktion anpassen sollten.\u00ab Demnach w\u00e4re es eine Falle f\u00fcr die Europ\u00e4er, zu einem Zeitpunkt der Kl\u00e4rung der eigenen strategischen Position in fremden Krisen gefangen zu sein. Europa drohe dann Vasall zwischen den USA und China zu sein, obwohl man ein dritter Pol sein k\u00f6nne.<\/p>\n<p>Chinesische Staatsmedien lobten den franz\u00f6sischen Pr\u00e4sidenten f\u00fcr seine Bemerkungen. Im Westen l\u00f6sten sie dagegen scharfe Kritik aus. \u00bbW\u00e4hrend es Amerika ist und nicht Frankreich oder Deutschland, das die Ukraine ma\u00dfgeblich unterst\u00fctzt und damit Europa verteidigt, fordert Macron eine Abkehr von Amerika. W\u00e4hrend China gerade den Angriff auf Taiwan \u00fcbt, verlangt Macron eine Ann\u00e4herung an China\u00ab, sagte beispielsweise CDU-Au\u00dfenpolitiker Norbert R\u00f6ttgen.<\/p>\n<p>US-Senator Marco Rubio sagte, wenn Europa sich in der Taiwanfrage nicht auf die Seite Chinas oder der USA stelle, dann sollten sich die USA im Ukrainekrieg vielleicht auch nicht auf eine Seite stellen.<\/p>\n<p>Seit der politischen Spaltung zwischen Festlandchina und Taiwan im Jahr 1949 betrachtet Peking Taiwan als abtr\u00fcnniges Gebiet, das es wieder mit dem Festland vereinigen will \u2013 notfalls mit milit\u00e4rischer Gewalt. Von vergangenem Samstag bis Montag hatte die chinesische Armee in einem Gro\u00dfman\u00f6ver die Umzingelung der Insel und Angriffe auf dortige Ziele ge\u00fcbt. Zahlreiche chinesische Schiffe hielten sich nach Angaben Taipehs auch nach dem Man\u00f6ver noch in dem Seegebiet auf.<\/p>\n","protected":false},"excerpt":{"rendered":"<p>Emmanuel Macron ist f\u00fcr seine \u00c4u\u00dferungen zur aktuellen Lage im Indopazifik teils scharf kritisiert worden. In Amsterdam versuchte Frankreichs Pr\u00e4sident zu beschwichtigen, betonte aber auch erneut Europas Souver\u00e4nit\u00e4t. Der franz\u00f6sische<\/p>\n","protected":false},"author":1,"featured_media":19603,"comment_status":"open","ping_status":"open","sticky":false,"template":"","format":"standard","meta":{"footnotes":""},"categories":[1],"tags":[],"class_list":["post-19602","post","type-post","status-publish","format-standard","has-post-thumbnail","hentry","category-nachrichten"],"_links":{"self":[{"href":"https:\/\/onlinetranslators.de\/news\/wp-json\/wp\/v2\/posts\/19602","targetHints":{"allow":["GET"]}}],"collection":[{"href":"https:\/\/onlinetranslators.de\/news\/wp-json\/wp\/v2\/posts"}],"about":[{"href":"https:\/\/onlinetranslators.de\/news\/wp-json\/wp\/v2\/types\/post"}],"author":[{"embeddable":true,"href":"https:\/\/onlinetranslators.de\/news\/wp-json\/wp\/v2\/users\/1"}],"replies":[{"embeddable":true,"href":"https:\/\/onlinetranslators.de\/news\/wp-json\/wp\/v2\/comments?post=19602"}],"version-history":[{"count":0,"href":"https:\/\/onlinetranslators.de\/news\/wp-json\/wp\/v2\/posts\/19602\/revisions"}],"wp:featuredmedia":[{"embeddable":true,"href":"https:\/\/onlinetranslators.de\/news\/wp-json\/wp\/v2\/media\/19603"}],"wp:attachment":[{"href":"https:\/\/onlinetranslators.de\/news\/wp-json\/wp\/v2\/media?parent=19602"}],"wp:term":[{"taxonomy":"category","embeddable":true,"href":"https:\/\/onlinetranslators.de\/news\/wp-json\/wp\/v2\/categories?post=19602"},{"taxonomy":"post_tag","embeddable":true,"href":"https:\/\/onlinetranslators.de\/news\/wp-json\/wp\/v2\/tags?post=19602"}],"curies":[{"name":"wp","href":"https:\/\/api.w.org\/{rel}","templated":true}]}}