{"id":19483,"date":"2023-04-08T00:27:02","date_gmt":"2023-04-07T21:27:02","guid":{"rendered":"https:\/\/onlinetranslators.de\/news\/nachrichten\/israel-toter-und-verletzte-bei-anschlag-in-tel-aviv\/"},"modified":"2023-04-08T00:27:02","modified_gmt":"2023-04-07T21:27:02","slug":"israel-toter-und-verletzte-bei-anschlag-in-tel-aviv","status":"publish","type":"post","link":"https:\/\/onlinetranslators.de\/news\/nachrichten\/israel-toter-und-verletzte-bei-anschlag-in-tel-aviv\/","title":{"rendered":"Israel: Toter und Verletzte bei Anschlag in Tel Aviv"},"content":{"rendered":"<p class=\"caps\">An der Mittelmeerpromenade von Tel Aviv ist es zu einem Anschlag gekommen. Mindestens ein Mensch ist tot, zahlreiche sind verletzt. Der Angreifer wurde erschossen. Es ist bereits das zweite Attentat an diesem Freitag.  <\/p>\n<p>Bei einem Anschlag in der israelischen K\u00fcstenstadt Tel Aviv sind am Freitagabend nach Angaben von Sanit\u00e4tern ein Italiener get\u00f6tet und sieben weitere Touristen verletzt worden. Nach Polizeiangaben rammte der Attent\u00e4ter nahe der Strandpromenade eine Gruppe von Menschen mit seinem Auto. Das Fahrzeug habe sich \u00fcberschlagen. Ein Polizist habe bemerkt, dass der Fahrer versuchte, eine Waffe zu ziehen. Daraufhin habe er ihn erschossen.<\/p>\n","protected":false},"excerpt":{"rendered":"<p>An der Mittelmeerpromenade von Tel Aviv ist es zu einem Anschlag gekommen. Mindestens ein Mensch ist tot, zahlreiche sind verletzt. Der Angreifer wurde erschossen. Es ist bereits das zweite Attentat<\/p>\n","protected":false},"author":1,"featured_media":19484,"comment_status":"open","ping_status":"open","sticky":false,"template":"","format":"standard","meta":{"footnotes":""},"categories":[1],"tags":[],"class_list":["post-19483","post","type-post","status-publish","format-standard","has-post-thumbnail","hentry","category-nachrichten"],"_links":{"self":[{"href":"https:\/\/onlinetranslators.de\/news\/wp-json\/wp\/v2\/posts\/19483","targetHints":{"allow":["GET"]}}],"collection":[{"href":"https:\/\/onlinetranslators.de\/news\/wp-json\/wp\/v2\/posts"}],"about":[{"href":"https:\/\/onlinetranslators.de\/news\/wp-json\/wp\/v2\/types\/post"}],"author":[{"embeddable":true,"href":"https:\/\/onlinetranslators.de\/news\/wp-json\/wp\/v2\/users\/1"}],"replies":[{"embeddable":true,"href":"https:\/\/onlinetranslators.de\/news\/wp-json\/wp\/v2\/comments?post=19483"}],"version-history":[{"count":0,"href":"https:\/\/onlinetranslators.de\/news\/wp-json\/wp\/v2\/posts\/19483\/revisions"}],"wp:featuredmedia":[{"embeddable":true,"href":"https:\/\/onlinetranslators.de\/news\/wp-json\/wp\/v2\/media\/19484"}],"wp:attachment":[{"href":"https:\/\/onlinetranslators.de\/news\/wp-json\/wp\/v2\/media?parent=19483"}],"wp:term":[{"taxonomy":"category","embeddable":true,"href":"https:\/\/onlinetranslators.de\/news\/wp-json\/wp\/v2\/categories?post=19483"},{"taxonomy":"post_tag","embeddable":true,"href":"https:\/\/onlinetranslators.de\/news\/wp-json\/wp\/v2\/tags?post=19483"}],"curies":[{"name":"wp","href":"https:\/\/api.w.org\/{rel}","templated":true}]}}