{"id":19441,"date":"2023-04-06T04:06:28","date_gmt":"2023-04-06T01:06:28","guid":{"rendered":"https:\/\/onlinetranslators.de\/news\/nachrichten\/warmepumpen-und-nachtspeicher-kabinett-beschliest-heizstrom-preisbremse-von-28-cent\/"},"modified":"2023-04-06T04:06:28","modified_gmt":"2023-04-06T01:06:28","slug":"warmepumpen-und-nachtspeicher-kabinett-beschliest-heizstrom-preisbremse-von-28-cent","status":"publish","type":"post","link":"https:\/\/onlinetranslators.de\/news\/nachrichten\/warmepumpen-und-nachtspeicher-kabinett-beschliest-heizstrom-preisbremse-von-28-cent\/","title":{"rendered":"W\u00e4rmepumpen und Nachtspeicher: Kabinett beschlie\u00dft Heizstrom-Preisbremse von 28 Cent"},"content":{"rendered":"<p class=\"caps\">Mit der Grenze von 40 Cent pro Kilowattstunde wurden Haushalte mit Heizstrom bislang kaum durch die Preisbremse entlastet. Nun hat die Bundesregierung eine Absenkung auf 28 Cent gebilligt. Daran gibt es aber auch Kritik.  <\/p>\n<p>Bei den Preisbremsen f\u00fcr Energie ist eine Gruppe von Verbraucherinnen und Verbrauchern bislang de facto so gut wie ausgeschlossen gewesen: Diejenigen, die mit elektrischer Energie heizen \u2013 also etwa mit einer W\u00e4rmepumpe oder einer Nachtspeicherheizung \u2013 und daf\u00fcr eigens Heizstromtarife nutzen. Denn diese Tarife werden von den Versorgern normalerweise deutlich g\u00fcnstiger angeboten als der allgemeine Haushaltsstrom. Meist liegen sie erheblich unter der Begrenzung auf 40 Cent pro Kilowattstunde f\u00fcr ein Kontingent von 80 Prozent des Vorjahrsverbrauchs, das f\u00fcr die Strompreisbremse gilt.<\/p>\n<p>Nun hat die Bundesregierung die Preisbremse in diesem Punkt nachgesch\u00e4rft. Das Kabinett verabschiedete am Mittwoch eine \u00c4nderung, wonach der Referenzpreis \u00bbf\u00fcr Heizstrom als auch f\u00fcr Niedertarife (Nachstromtarife) von 40 auf 28 Cent pro Kilowattstunde gesenkt werden\u00ab soll. Voraussetzung daf\u00fcr ist, dass es daf\u00fcr einen eigenen Z\u00e4hler gibt und dass der Jahresverbrauch unter 30.000 Kilowattstunden liegt, wie aus einer Mitteilung des Bundeswirtschaftsministeriums             hervorgeht.<\/p>\n<p>Damit die um 30 Prozent niedrigere Grenze f\u00fcr Heizstrom bei der Preisbremse in Kraft treten kann, muss noch der Bundestag zustimmen. Das Wirtschaftsministerium sch\u00e4tzt, dass die Verbraucherinnen und Verbraucher dadurch insgesamt um rund 200 Millionen Euro im Jahr entlastet werden.<\/p>\n","protected":false},"excerpt":{"rendered":"<p>Mit der Grenze von 40 Cent pro Kilowattstunde wurden Haushalte mit Heizstrom bislang kaum durch die Preisbremse entlastet. Nun hat die Bundesregierung eine Absenkung auf 28 Cent gebilligt. Daran gibt<\/p>\n","protected":false},"author":1,"featured_media":19442,"comment_status":"open","ping_status":"open","sticky":false,"template":"","format":"standard","meta":{"footnotes":""},"categories":[1],"tags":[],"class_list":["post-19441","post","type-post","status-publish","format-standard","has-post-thumbnail","hentry","category-nachrichten"],"_links":{"self":[{"href":"https:\/\/onlinetranslators.de\/news\/wp-json\/wp\/v2\/posts\/19441","targetHints":{"allow":["GET"]}}],"collection":[{"href":"https:\/\/onlinetranslators.de\/news\/wp-json\/wp\/v2\/posts"}],"about":[{"href":"https:\/\/onlinetranslators.de\/news\/wp-json\/wp\/v2\/types\/post"}],"author":[{"embeddable":true,"href":"https:\/\/onlinetranslators.de\/news\/wp-json\/wp\/v2\/users\/1"}],"replies":[{"embeddable":true,"href":"https:\/\/onlinetranslators.de\/news\/wp-json\/wp\/v2\/comments?post=19441"}],"version-history":[{"count":0,"href":"https:\/\/onlinetranslators.de\/news\/wp-json\/wp\/v2\/posts\/19441\/revisions"}],"wp:featuredmedia":[{"embeddable":true,"href":"https:\/\/onlinetranslators.de\/news\/wp-json\/wp\/v2\/media\/19442"}],"wp:attachment":[{"href":"https:\/\/onlinetranslators.de\/news\/wp-json\/wp\/v2\/media?parent=19441"}],"wp:term":[{"taxonomy":"category","embeddable":true,"href":"https:\/\/onlinetranslators.de\/news\/wp-json\/wp\/v2\/categories?post=19441"},{"taxonomy":"post_tag","embeddable":true,"href":"https:\/\/onlinetranslators.de\/news\/wp-json\/wp\/v2\/tags?post=19441"}],"curies":[{"name":"wp","href":"https:\/\/api.w.org\/{rel}","templated":true}]}}