{"id":1904,"date":"2020-08-17T02:08:51","date_gmt":"2020-08-16T23:08:51","guid":{"rendered":"http:\/\/onlinetranslators.de\/news\/nachrichten\/spd-norbert-walter-borjans-halt-linksbundnis-fur-moglich-trotz-der-skepsis-von-olaf-scholz\/"},"modified":"2020-08-17T02:08:51","modified_gmt":"2020-08-16T23:08:51","slug":"spd-norbert-walter-borjans-halt-linksbundnis-fur-moglich-trotz-der-skepsis-von-olaf-scholz","status":"publish","type":"post","link":"https:\/\/onlinetranslators.de\/news\/nachrichten\/spd-norbert-walter-borjans-halt-linksbundnis-fur-moglich-trotz-der-skepsis-von-olaf-scholz\/","title":{"rendered":"SPD: Norbert Walter-Borjans h\u00e4lt Linksb\u00fcndnis f\u00fcr m\u00f6glich &#8211; trotz der Skepsis von Olaf Scholz"},"content":{"rendered":"<figure>     <img decoding=\"async\" src=\"https:\/\/cdn.prod.www.spiegel.de\/images\/0e42b60d-7252-4ffa-b9fe-a745621c7828_w948_r1.77_fpx36_fpy25.jpg\" title=\"SPD-Chef Norbert Walter-Borjans im ZDF-&quot;Sommerinterview&quot;\" alt=\"SPD-Chef Norbert Walter-Borjans im ZDF-&quot;Sommerinterview&quot;\"\/>      Icon: vergr\u00f6\u00dfern<figcaption>\n<p>SPD-Chef Norbert Walter-Borjans im ZDF-&quot;Sommerinterview&quot;<\/p>\n<p>  Foto:\u2002Marius Becker \/ dpa  <\/figcaption><\/figure>\n<p>SPD-Chef Norbert Walter-Borjans h\u00e4lt ein B\u00fcndnis mit Gr\u00fcnen und Linkspartei trotz der Skepsis von Kanzlerkandidat Olaf Scholz f\u00fcr m\u00f6glich. &quot;Wenn wir eine Option auf ein B\u00fcndnis mit der Linken von vornherein ausschlie\u00dfen, dann k\u00f6nnen wir auch direkt sagen, dass wir weiter als Juniorpartner einer gro\u00dfen Koalition verk\u00fcmmern wollen&quot;, sagte er im ZDF-&quot;Sommerinterview&quot;.<\/p>\n<p>Die Politik in Deutschland m\u00fcsse wieder dahingehend unterscheidbar sein, dass die SPD nicht in einer Koalition mit CDU und CSU erneut die Mehrheit sucht, sondern mit anderen. Die SPD m\u00fcsse wieder mit allen demokratischen Kr\u00e4ften im Bundestag gespr\u00e4chsbereit sein. Er z\u00e4hle die Linken ausdr\u00fccklich dazu, die AfD nicht. &quot;Am Ende entscheidet sich immer, wie viel Sozialdemokratie kriegen wir durch&quot;, f\u00fcgte Walter-Borjans mit Blick auf m\u00f6gliche Koalitionen hinzu.<\/p>\n<h3>Aussicht auf Besserung<\/h3>\n<p>Der von der SPD zum Kanzlerkandidaten gek\u00fcrte Bundesfinanzminister Scholz hatte k\u00fcrzlich mit Blick auf ein m\u00f6gliches B\u00fcndnis mit Gr\u00fcnen und Linken im kommenden Jahr gesagt, dazu gebe es &quot;noch viele Fragen, da wird es sicherlich viel zu diskutieren geben&quot;.<\/p>\n<p>Mit Blick auf die zuletzt leicht gestiegenen Umfragewerte der SPD sagte Walter-Borjans in dem Interview f\u00fcr die Sendung &quot;berlin direkt&quot;, er h\u00e4tte sich &quot;ganz klar einen schnellen Aufschwung gew\u00fcnscht&quot;. Es gebe gute Aussichten, dass sich das verbessert. Er verwies darauf, dass es viele Umfragen gebe, denen zufolge 30 Prozent die SPD als die Partei bezeichnen, die ihnen am n\u00e4chsten stehe.<\/p>\n<p>Es bleibe bei der Zielsetzung, &quot;diese Menschen wieder f\u00fcr die SPD zu begeistern&quot;. Er r\u00e4umte zugleich ein: &quot;Es ist ein dickeres Brett, als ich zun\u00e4chst gedacht habe, aber ich glaube nach wie vor, dass uns das gelingt.&quot;<\/p>\n<p> Icon: Der Spiegel<\/p>\n","protected":false},"excerpt":{"rendered":"<p>Icon: vergr\u00f6\u00dfern SPD-Chef Norbert Walter-Borjans im ZDF-&quot;Sommerinterview&quot; Foto:\u2002Marius Becker \/ dpa SPD-Chef Norbert Walter-Borjans h\u00e4lt ein B\u00fcndnis mit Gr\u00fcnen und Linkspartei trotz der Skepsis von Kanzlerkandidat Olaf Scholz f\u00fcr m\u00f6glich. &quot;Wenn wir eine Option auf ein B\u00fcndnis mit der Linken von vornherein ausschlie\u00dfen, dann k\u00f6nnen wir auch direkt sagen, dass wir weiter als Juniorpartner einer [&hellip;]<\/p>\n","protected":false},"author":1,"featured_media":1905,"comment_status":"open","ping_status":"open","sticky":false,"template":"","format":"standard","meta":{"footnotes":""},"categories":[1],"tags":[],"class_list":["post-1904","post","type-post","status-publish","format-standard","has-post-thumbnail","category-nachrichten"],"_links":{"self":[{"href":"https:\/\/onlinetranslators.de\/news\/wp-json\/wp\/v2\/posts\/1904","targetHints":{"allow":["GET"]}}],"collection":[{"href":"https:\/\/onlinetranslators.de\/news\/wp-json\/wp\/v2\/posts"}],"about":[{"href":"https:\/\/onlinetranslators.de\/news\/wp-json\/wp\/v2\/types\/post"}],"author":[{"embeddable":true,"href":"https:\/\/onlinetranslators.de\/news\/wp-json\/wp\/v2\/users\/1"}],"replies":[{"embeddable":true,"href":"https:\/\/onlinetranslators.de\/news\/wp-json\/wp\/v2\/comments?post=1904"}],"version-history":[{"count":0,"href":"https:\/\/onlinetranslators.de\/news\/wp-json\/wp\/v2\/posts\/1904\/revisions"}],"wp:featuredmedia":[{"embeddable":true,"href":"https:\/\/onlinetranslators.de\/news\/wp-json\/wp\/v2\/media\/1905"}],"wp:attachment":[{"href":"https:\/\/onlinetranslators.de\/news\/wp-json\/wp\/v2\/media?parent=1904"}],"wp:term":[{"taxonomy":"category","embeddable":true,"href":"https:\/\/onlinetranslators.de\/news\/wp-json\/wp\/v2\/categories?post=1904"},{"taxonomy":"post_tag","embeddable":true,"href":"https:\/\/onlinetranslators.de\/news\/wp-json\/wp\/v2\/tags?post=1904"}],"curies":[{"name":"wp","href":"https:\/\/api.w.org\/{rel}","templated":true}]}}