{"id":18806,"date":"2023-03-09T14:05:54","date_gmt":"2023-03-09T11:05:54","guid":{"rendered":"https:\/\/onlinetranslators.de\/news\/nachrichten\/ol-und-gasanlagen-robert-habeck-will-heizungs-umstieg-mit-milliarden-programm-fordern\/"},"modified":"2023-03-09T14:05:54","modified_gmt":"2023-03-09T11:05:54","slug":"ol-und-gasanlagen-robert-habeck-will-heizungs-umstieg-mit-milliarden-programm-fordern","status":"publish","type":"post","link":"https:\/\/onlinetranslators.de\/news\/nachrichten\/ol-und-gasanlagen-robert-habeck-will-heizungs-umstieg-mit-milliarden-programm-fordern\/","title":{"rendered":"\u00d6l- und Gasanlagen: Robert Habeck will Heizungs-Umstieg mit Milliarden-Programm f\u00f6rdern"},"content":{"rendered":"<p class=\"caps\">Neue Gas- oder \u00d6lheizungen sollen schon ab 2024 verboten werden. Um Hauseigent\u00fcmer damit nicht zu \u00fcberfordern, k\u00fcndigt Wirtschaftsminister Habeck gro\u00dfz\u00fcgige Hilfen an \u2013 doch nicht f\u00fcr alle.  <\/p>\n<p>Bundeswirtschaftsminister Robert Habeck hat Details zu seinem Vorhaben bekannt gegeben, den Umstieg auf klimafreundliche Heizungen ab 2024 sozial abzufedern.<\/p>\n<p>Geplant sei ein F\u00f6rderprogramm in Milliardenh\u00f6he, das gew\u00e4hrleisten solle, dass sich gerade Haushalte mit niedrigen und mittleren Einkommen diesen Umstieg auch leisten k\u00f6nnten, hei\u00dft es in einem \u00bbWerkstattbericht            \u00ab seines Ministeriums zur Erneuerung der Energieversorgung und der industriellen Wertsch\u00f6pfung.<\/p>\n<p>Ab 2024 sollen neu eingebaute Heizungen zu mindestens 65 Prozent aus Erneuerbaren Energien betrieben werden. Das bedeutet praktisch ein Aus f\u00fcr neue Gas- und \u00d6lheizungen. Gr\u00fcnenpolitiker Habeck k\u00fcndigte aber auch an, es werde zahlreiche Ausnahmen und \u00dcbergangsfristen geben. Zugleich soll eine soziale F\u00f6rderung aufgesetzt werden, damit sich gerade Haushalte mit niedrigen und mittleren Einkommen diesen Umstieg auch leisten k\u00f6nnen.<\/p>\n<p>\u00bbDer Umtausch und die Klimaneutralit\u00e4t darf und wird nicht zu einem sozialen Problem werden\u00ab, sagte Habeck bei der Pr\u00e4sentation des Werkstattberichts, in dem es hei\u00dft: \u00bbDas wird ein milliardenschweres Programm werden und zugleich auch ein Novum in der Klima-F\u00f6rdergeschichte, weil die F\u00f6rderung eben am Einkommen orientiert werden soll.\u00ab<\/p>\n<h3>\u00bbNiemand rennt in den Keller und rei\u00dft das raus\u00ab<\/h3>\n<p>Es mache Sinn, die F\u00f6rderung sozial zu staffeln, sagte Habeck. \u00bbWenn man eine Villa f\u00fcr zehn Millionen saniert, wird man da auch eine W\u00e4rmepumpe einbauen k\u00f6nnen.\u00ab Anderes k\u00f6nne gelten, wenn man \u00bbein kleines H\u00e4uschen und geringe Ersparnisse hat\u00ab. Falls dann eine neue Heizung f\u00e4llig sei, m\u00fcsse die Differenz zu Heizungssystemen \u00bbweitestgehend \u00fcberbr\u00fcckt werden\u00ab. Bestehende Gas- oder \u00d6lheizungen w\u00fcrden nicht verboten. \u00bbNiemand rennt in den Keller und rei\u00dft das raus.\u00ab<\/p>\n<p>Details zur geplanten Neuregelung nannte er noch nicht, diese sollten nach einer Abstimmung innerhalb der Koalition zusammen mit einem Entwurf f\u00fcr ein neues Geb\u00e4udeenergiegesetz vorgestellt werden.<\/p>\n<p>Wo das Geld f\u00fcr die F\u00f6rderung herkommen soll, ist noch fraglich. Habeck blieb hierzu unkonkret: \u00bbDie politische Logik sagt: Die finanziellen M\u00f6glichkeiten, die gebraucht werden, m\u00fcssen bereitgestellt werden.\u00ab<\/p>\n<h3>Riesige Pl\u00e4ne: Windgipfel, Wasserstoffbeschleunigungsgesetz, Kraftwerksstrategie<\/h3>\n<p>Allerdings ist absehbar, dass von dem 200 Milliarden Euro schweren \u00bbDoppelwumms\u00ab nicht alle Mittel abgerufen werden. Damit unterst\u00fctzt die Bundesregierung derzeit Wirtschaft und Privathaushalte, um die H\u00e4rten der Energiekrise abzufedern. Sie finanziert Gas- und Strompreisbremsen und hilft in Not geratenen Unternehmen wie Uniper. Dass noch Geld \u00fcbrig ist, liegt insbesondere daran, dass die Gaspreise in den vergangenen Wochen wieder deutlich gesunken sind.<\/p>\n<p>Kritik am geplanten Verbot des Einbaus neuer \u00d6l- und Gasheizungen in Wohngeb\u00e4uden weist Habeck zur\u00fcck. Die W\u00e4rmewende sei \u00bbzwingend\u00ab. Deutschland m\u00fcsse bei der Umstellung auf erneuerbare Energien \u00bbin kurzer Zeit nachholen\u00ab, was in den vergangenen Jahren nicht gemacht worden sei. Anders seien weder die gesetzlich festlegten Klimaziele noch die wohlstandssichernde Transformation der deutschen Wirtschaft erreichbar.<\/p>\n<p>In der vergangenen Woche war ein Referentenentwurf des Bundeswirtschafts- und Bundesbauministeriums bekannt geworden, der ein Verbot des Einbaus von \u00d6l- und Gasheizungen in Neubauten bereits ab 2024 vorsieht. Der Plan aus den von Gr\u00fcnen und SPD gef\u00fchrten H\u00e4usern ist auch innerhalb der Koalition umstritten. Der FDP geht dies zu weit, sie will den Entwurf daher stoppen.<\/p>\n<p>Im Koalitionsvertrag der Ampel war urspr\u00fcnglich vereinbart worden, dass alle neu verbauten Heizungsanlagen ab 2025 ihre Heizw\u00e4rme zu mindestens 65 Prozent aus erneuerbaren Energien erzeugen m\u00fcssen. Wegen des Ukrainekriegs sollte das Ziel jedoch m\u00f6glichst vorgezogen werden.<\/p>\n<p>Der fragliche Entwurf befinde sich derzeit innerhalb des Bundeskabinetts in der Ressortabstimmung, sagte Habeck am Mittwoch. \u00bbWir verhandeln mit den Ressourts \u00fcber die Details.\u00ab Es gebe noch viele konkrete Fragen zu kl\u00e4ren, unter anderem die nach den erforderlichen Produktionskapazit\u00e4ten der Industrie. Er halte die Zahlen aber f\u00fcr erreichbar.<\/p>\n<p>Der nun vorgestellte Werkstattbericht  geht au\u00dfer auf die soziale Abfederung eines Austauschs von \u00d6l- und Gasheizungen umfassend auf zahlreiche weitere Anstrengungen der Ampel ein, etwa zum st\u00e4rkeren Ausbau der erneuerbaren Energien. Er bietet auch einen Ausblick auf weitere Vorhaben \u2013 wie unter anderem ein geplantes Wasserstoffbeschleunigungsgesetz.<\/p>\n<p>Dem Konzept (\u00bbWohlstand klimaneutral erneuern\u00ab) zufolge sollen bei einem Windgipfel am 22. M\u00e4rz Eckpunkte f\u00fcr eine Wind-an-Land-Strategie vorgelegt werden, in der es unter anderem um bessere Finanzierungsbedingungen f\u00fcr Windr\u00e4der und Vorschl\u00e4ge zur raschen Bereitstellung von mehr Fl\u00e4chen geht.<\/p>\n<p>Mit einer \u00bbKraftwerksstrategie\u00ab will Habeck bis zum Sommer darlegen, wie der Zubau und die Modernisierung von Leistung in Kraftwerken in einem Umfang von 17 bis 25 Gigawatt bis 2030 zu stemmen sein soll. Die Kraftwerke sollen klimafreundlicheren Wasserstoff nutzen k\u00f6nnen.<\/p>\n","protected":false},"excerpt":{"rendered":"<p>Neue Gas- oder \u00d6lheizungen sollen schon ab 2024 verboten werden. Um Hauseigent\u00fcmer damit nicht zu \u00fcberfordern, k\u00fcndigt Wirtschaftsminister Habeck gro\u00dfz\u00fcgige Hilfen an \u2013 doch nicht f\u00fcr alle. Bundeswirtschaftsminister Robert Habeck<\/p>\n","protected":false},"author":1,"featured_media":18807,"comment_status":"open","ping_status":"open","sticky":false,"template":"","format":"standard","meta":{"footnotes":""},"categories":[1],"tags":[],"class_list":["post-18806","post","type-post","status-publish","format-standard","has-post-thumbnail","hentry","category-nachrichten"],"_links":{"self":[{"href":"https:\/\/onlinetranslators.de\/news\/wp-json\/wp\/v2\/posts\/18806","targetHints":{"allow":["GET"]}}],"collection":[{"href":"https:\/\/onlinetranslators.de\/news\/wp-json\/wp\/v2\/posts"}],"about":[{"href":"https:\/\/onlinetranslators.de\/news\/wp-json\/wp\/v2\/types\/post"}],"author":[{"embeddable":true,"href":"https:\/\/onlinetranslators.de\/news\/wp-json\/wp\/v2\/users\/1"}],"replies":[{"embeddable":true,"href":"https:\/\/onlinetranslators.de\/news\/wp-json\/wp\/v2\/comments?post=18806"}],"version-history":[{"count":0,"href":"https:\/\/onlinetranslators.de\/news\/wp-json\/wp\/v2\/posts\/18806\/revisions"}],"wp:featuredmedia":[{"embeddable":true,"href":"https:\/\/onlinetranslators.de\/news\/wp-json\/wp\/v2\/media\/18807"}],"wp:attachment":[{"href":"https:\/\/onlinetranslators.de\/news\/wp-json\/wp\/v2\/media?parent=18806"}],"wp:term":[{"taxonomy":"category","embeddable":true,"href":"https:\/\/onlinetranslators.de\/news\/wp-json\/wp\/v2\/categories?post=18806"},{"taxonomy":"post_tag","embeddable":true,"href":"https:\/\/onlinetranslators.de\/news\/wp-json\/wp\/v2\/tags?post=18806"}],"curies":[{"name":"wp","href":"https:\/\/api.w.org\/{rel}","templated":true}]}}