{"id":18798,"date":"2023-03-09T05:46:03","date_gmt":"2023-03-09T02:46:03","guid":{"rendered":"https:\/\/onlinetranslators.de\/news\/nachrichten\/fox-news-sendung-zu-kapitol-sturm-joe-biden-teilte-gegen-republikaner-aus\/"},"modified":"2023-03-09T05:46:03","modified_gmt":"2023-03-09T02:46:03","slug":"fox-news-sendung-zu-kapitol-sturm-joe-biden-teilte-gegen-republikaner-aus","status":"publish","type":"post","link":"https:\/\/onlinetranslators.de\/news\/nachrichten\/fox-news-sendung-zu-kapitol-sturm-joe-biden-teilte-gegen-republikaner-aus\/","title":{"rendered":"Fox-News-Sendung zu Kapitol-Sturm: Joe Biden teilte gegen Republikaner aus"},"content":{"rendered":"<p class=\"caps\">Fox-News-Moderator Tucker Carlson hat den Sturm auf das US-Kapitol verharmlost \u2013 dort h\u00e4tten sich keine Aufst\u00e4ndischen versammelt, sondern \u00bbTouristen\u00ab. Kritik kommt nun aus h\u00f6chster Stelle im Wei\u00dfen Haus.  <\/p>\n<p>US-Pr\u00e4sident Joe Biden hat die oppositionellen Republikaner und den konservativen Nachrichtensender Fox News nach einer verharmlosenden Sendung zur Kapitol-Erst\u00fcrmung Anfang 2021 scharf kritisiert. \u00bbMehr als 140 Beamte wurden am 6. Januar verletzt\u00ab, schrieb Biden am Mittwoch bei Twitter            . \u00bbWie kann es jemand wagen, kleinzureden oder zu leugnen, durch welche H\u00f6lle sie gegangen sind?\u00ab<\/p>\n<p>Dann schrieb Biden weiter: \u00bbIch hoffe, die Republikaner im Repr\u00e4sentantenhaus sch\u00e4men sich f\u00fcr das, was getan wurde, um unsere Polizei zu untergraben.\u00ab<\/p>\n","protected":false},"excerpt":{"rendered":"<p>Fox-News-Moderator Tucker Carlson hat den Sturm auf das US-Kapitol verharmlost \u2013 dort h\u00e4tten sich keine Aufst\u00e4ndischen versammelt, sondern \u00bbTouristen\u00ab. Kritik kommt nun aus h\u00f6chster Stelle im Wei\u00dfen Haus. US-Pr\u00e4sident Joe<\/p>\n","protected":false},"author":1,"featured_media":18799,"comment_status":"open","ping_status":"open","sticky":false,"template":"","format":"standard","meta":{"footnotes":""},"categories":[1],"tags":[],"class_list":["post-18798","post","type-post","status-publish","format-standard","has-post-thumbnail","hentry","category-nachrichten"],"_links":{"self":[{"href":"https:\/\/onlinetranslators.de\/news\/wp-json\/wp\/v2\/posts\/18798","targetHints":{"allow":["GET"]}}],"collection":[{"href":"https:\/\/onlinetranslators.de\/news\/wp-json\/wp\/v2\/posts"}],"about":[{"href":"https:\/\/onlinetranslators.de\/news\/wp-json\/wp\/v2\/types\/post"}],"author":[{"embeddable":true,"href":"https:\/\/onlinetranslators.de\/news\/wp-json\/wp\/v2\/users\/1"}],"replies":[{"embeddable":true,"href":"https:\/\/onlinetranslators.de\/news\/wp-json\/wp\/v2\/comments?post=18798"}],"version-history":[{"count":0,"href":"https:\/\/onlinetranslators.de\/news\/wp-json\/wp\/v2\/posts\/18798\/revisions"}],"wp:featuredmedia":[{"embeddable":true,"href":"https:\/\/onlinetranslators.de\/news\/wp-json\/wp\/v2\/media\/18799"}],"wp:attachment":[{"href":"https:\/\/onlinetranslators.de\/news\/wp-json\/wp\/v2\/media?parent=18798"}],"wp:term":[{"taxonomy":"category","embeddable":true,"href":"https:\/\/onlinetranslators.de\/news\/wp-json\/wp\/v2\/categories?post=18798"},{"taxonomy":"post_tag","embeddable":true,"href":"https:\/\/onlinetranslators.de\/news\/wp-json\/wp\/v2\/tags?post=18798"}],"curies":[{"name":"wp","href":"https:\/\/api.w.org\/{rel}","templated":true}]}}