{"id":18792,"date":"2023-03-08T23:36:45","date_gmt":"2023-03-08T20:36:45","guid":{"rendered":"https:\/\/onlinetranslators.de\/news\/nachrichten\/nord-stream-2-affare-um-klimastiftung-friedrich-merz-fordert-manuela-schwesigs-rucktritt\/"},"modified":"2023-03-08T23:36:45","modified_gmt":"2023-03-08T20:36:45","slug":"nord-stream-2-affare-um-klimastiftung-friedrich-merz-fordert-manuela-schwesigs-rucktritt","status":"publish","type":"post","link":"https:\/\/onlinetranslators.de\/news\/nachrichten\/nord-stream-2-affare-um-klimastiftung-friedrich-merz-fordert-manuela-schwesigs-rucktritt\/","title":{"rendered":"Nord Stream 2: Aff\u00e4re um Klimastiftung &#8211; Friedrich Merz fordert Manuela Schwesigs R\u00fccktritt"},"content":{"rendered":"<p class=\"caps\">Wegen ihres Umgangs mit der umstrittenen Klimastiftung steht Manuela Schwesig seit Monaten in der Kritik. Laut CDU-Chef Friedrich Merz kann der \u00bbunfassbare Vorgang\u00ab nicht ohne Konsequenzen bleiben.  <\/p>\n<p>Der Vorsitzende der CDU, Friedrich Merz, hat im Zusammenhang mit der Aff\u00e4re um die Klimastiftung in Mecklenburg-Vorpommern den R\u00fccktritt von Ministerpr\u00e4sidentin Manuela Schwesig (SPD) gefordert. \u00bbWenn es um einen CDU-Mann ginge, w\u00e4re er l\u00e4ngst nicht mehr im Amt\u00ab, sagte der CDU\/CSU-Fraktionsvorsitzende im Deutschen Bundestag der \u00bbWestfalenpost\u00ab.<\/p>\n<p>Schwesigs R\u00fccktritt sei seit Monaten \u00fcberf\u00e4llig. \u00bbWas da passiert ist, ist ein unfassbarer Vorgang, bei dem aber alle Details nur schrittweise an die \u00d6ffentlichkeit kommen.\u00ab Jede Ver\u00f6ffentlichung mache die Sache nur schlimmer, denn Entlastendes sei nicht dabei.<\/p>\n<p>\u00bbDass diese Stiftung immer noch besteht und dass der Amtsvorg\u00e4nger (Erwin) Sellering nun einen offenen Clinch mit Frau Schwesig beginnt, zeigt doch, wie es dort auf SPD-Seite v\u00f6llig aus dem Ruder l\u00e4uft\u00ab, sagte Merz. Er vermute, Schwesing werde sich nicht mehr lange im Amt halten k\u00f6nnen.<\/p>\n<p>Die Klimastiftung MV steht in der Kritik, da sie den Fertigbau der Gaspipeline Nord Stream 2 unterst\u00fctzt hat. Der Bau der Pipeline wurde abgeschlossen, doch sie ging wegen der russischen Aggression gegen die Ukraine nicht in Betrieb.<\/p>\n","protected":false},"excerpt":{"rendered":"<p>Wegen ihres Umgangs mit der umstrittenen Klimastiftung steht Manuela Schwesig seit Monaten in der Kritik. Laut CDU-Chef Friedrich Merz kann der \u00bbunfassbare Vorgang\u00ab nicht ohne Konsequenzen bleiben. Der Vorsitzende der<\/p>\n","protected":false},"author":1,"featured_media":18793,"comment_status":"open","ping_status":"open","sticky":false,"template":"","format":"standard","meta":{"footnotes":""},"categories":[1],"tags":[],"class_list":["post-18792","post","type-post","status-publish","format-standard","has-post-thumbnail","hentry","category-nachrichten"],"_links":{"self":[{"href":"https:\/\/onlinetranslators.de\/news\/wp-json\/wp\/v2\/posts\/18792","targetHints":{"allow":["GET"]}}],"collection":[{"href":"https:\/\/onlinetranslators.de\/news\/wp-json\/wp\/v2\/posts"}],"about":[{"href":"https:\/\/onlinetranslators.de\/news\/wp-json\/wp\/v2\/types\/post"}],"author":[{"embeddable":true,"href":"https:\/\/onlinetranslators.de\/news\/wp-json\/wp\/v2\/users\/1"}],"replies":[{"embeddable":true,"href":"https:\/\/onlinetranslators.de\/news\/wp-json\/wp\/v2\/comments?post=18792"}],"version-history":[{"count":0,"href":"https:\/\/onlinetranslators.de\/news\/wp-json\/wp\/v2\/posts\/18792\/revisions"}],"wp:featuredmedia":[{"embeddable":true,"href":"https:\/\/onlinetranslators.de\/news\/wp-json\/wp\/v2\/media\/18793"}],"wp:attachment":[{"href":"https:\/\/onlinetranslators.de\/news\/wp-json\/wp\/v2\/media?parent=18792"}],"wp:term":[{"taxonomy":"category","embeddable":true,"href":"https:\/\/onlinetranslators.de\/news\/wp-json\/wp\/v2\/categories?post=18792"},{"taxonomy":"post_tag","embeddable":true,"href":"https:\/\/onlinetranslators.de\/news\/wp-json\/wp\/v2\/tags?post=18792"}],"curies":[{"name":"wp","href":"https:\/\/api.w.org\/{rel}","templated":true}]}}