{"id":18348,"date":"2023-02-17T16:56:13","date_gmt":"2023-02-17T13:56:13","guid":{"rendered":"https:\/\/onlinetranslators.de\/news\/nachrichten\/alice-schwarzer-und-sahra-wagenknecht-johannes-varwick-zieht-unterschrift-zuruck\/"},"modified":"2023-02-17T16:56:13","modified_gmt":"2023-02-17T13:56:13","slug":"alice-schwarzer-und-sahra-wagenknecht-johannes-varwick-zieht-unterschrift-zuruck","status":"publish","type":"post","link":"https:\/\/onlinetranslators.de\/news\/nachrichten\/alice-schwarzer-und-sahra-wagenknecht-johannes-varwick-zieht-unterschrift-zuruck\/","title":{"rendered":"Alice Schwarzer und Sahra Wagenknecht: Johannes Varwick zieht Unterschrift zur\u00fcck"},"content":{"rendered":"<p class=\"caps\">Wagenknecht und Schwarzer haben ein \u00bbManifest f\u00fcr Frieden\u00ab ver\u00f6ffentlicht. Einer der Erstunterzeichner hat nun seine Unterschrift zur\u00fcckgezogen. Der Politikwissenschaftler Varwick sieht keine klare Abgrenzung nach rechts.  <\/p>\n<p>Der Politikwissenschaftler Johannes Varwick zieht seine Unterschrift unter dem \u00bbManifest f\u00fcr Frieden\u00ab zur\u00fcck. Die Frauenrechtlerin Alice Schwarzer und die Linkenpolitikerin Sahra Wagenknecht haben ein \u00bbManifest f\u00fcr Frieden\u00ab ver\u00f6ffentlicht. Darin fordern sie den Bundeskanzler auf, \u00bbdie Eskalation der Waffenlieferungen zu stoppen\u00ab, und warnen vor einem russischen Atomschlag.<\/p>\n<p>Etliche Prominente geh\u00f6ren zu den Erstunterzeichnern, darunter die Theologin Margot K\u00e4\u00dfmann, der Musiker Reinhard Mey, die Schauspielerin Katharina Thalbach, Bundeswehr-Brigadegeneral a. D. Erich Vad oder G\u00fcnter Verheugen, der fr\u00fchere Vizepr\u00e4sident der EU-Kommission. F\u00fcr Ende Februar haben die beiden Initiatorinnen eine Kundgebung am Brandenburger Tor angemeldet.<\/p>\n<h3>\u00bbBefremdliches\u00ab Verfahren<\/h3>\n<p>Varwick schrieb nun auf Twitter, auf der Liste der Unterzeichnern seien \u00bbzunehmend Personen dabei, mit denen ich nicht gemeinsam genannt werden m\u00f6chte\u00ab. Er habe keine Angst vor Applaus von der falschen Seite. \u00bbAber das setzt voraus, dass eine klare Distanzierung von denjenigen Unterst\u00fctzern erfolgt, die man f\u00fcr nicht akzeptabel h\u00e4lt.\u00ab<\/p>\n<p>Er verweist auf das SPIEGEL-Interview mit Wagenknecht und Schwarzer                                       . Da antwortete Sahra Wagenknecht auf die Frage, was getan werde, wenn Zehntausende Rechtsextreme zu der Kundgebung kommen: \u00bbAuf unserer Kundgebung ist jeder willkommen, der ehrlichen Herzens f\u00fcr Frieden und f\u00fcr Verhandlungen demonstrieren m\u00f6chte. Rechtsextreme Flaggen oder Symbole dagegen haben auf ihr nichts zu suchen und werden nicht geduldet.\u00ab<\/p>\n<p>Das greife zu kurz, so Varwick. \u00bbIch will und werde mich mit Extremisten in keiner Form und bei keiner Sache gemeinsam machen\u00ab, schrieb der Politikwissenschaftler. \u00dcberdies finde er das heitere Video von Wagenknecht und Schwarzer zu dem Aufruf \u00bbunangemessen\u00ab.<\/p>\n<p>Pikant: Wie der Politikwissenschaftler schreibt, sei er von Schwarzer gefragt worden und erst einen Tag vor Ver\u00f6ffentlichung des Manifests dar\u00fcber informiert worden, dass auch Wagenknecht prominent dabei ist. Das Verfahren empfand er als \u00bbbefremdlich\u00ab.<\/p>\n","protected":false},"excerpt":{"rendered":"<p>Wagenknecht und Schwarzer haben ein \u00bbManifest f\u00fcr Frieden\u00ab ver\u00f6ffentlicht. Einer der Erstunterzeichner hat nun seine Unterschrift zur\u00fcckgezogen. Der Politikwissenschaftler Varwick sieht keine klare Abgrenzung nach rechts. Der Politikwissenschaftler Johannes Varwick<\/p>\n","protected":false},"author":1,"featured_media":18349,"comment_status":"open","ping_status":"open","sticky":false,"template":"","format":"standard","meta":{"footnotes":""},"categories":[1],"tags":[],"class_list":["post-18348","post","type-post","status-publish","format-standard","has-post-thumbnail","hentry","category-nachrichten"],"_links":{"self":[{"href":"https:\/\/onlinetranslators.de\/news\/wp-json\/wp\/v2\/posts\/18348","targetHints":{"allow":["GET"]}}],"collection":[{"href":"https:\/\/onlinetranslators.de\/news\/wp-json\/wp\/v2\/posts"}],"about":[{"href":"https:\/\/onlinetranslators.de\/news\/wp-json\/wp\/v2\/types\/post"}],"author":[{"embeddable":true,"href":"https:\/\/onlinetranslators.de\/news\/wp-json\/wp\/v2\/users\/1"}],"replies":[{"embeddable":true,"href":"https:\/\/onlinetranslators.de\/news\/wp-json\/wp\/v2\/comments?post=18348"}],"version-history":[{"count":0,"href":"https:\/\/onlinetranslators.de\/news\/wp-json\/wp\/v2\/posts\/18348\/revisions"}],"wp:featuredmedia":[{"embeddable":true,"href":"https:\/\/onlinetranslators.de\/news\/wp-json\/wp\/v2\/media\/18349"}],"wp:attachment":[{"href":"https:\/\/onlinetranslators.de\/news\/wp-json\/wp\/v2\/media?parent=18348"}],"wp:term":[{"taxonomy":"category","embeddable":true,"href":"https:\/\/onlinetranslators.de\/news\/wp-json\/wp\/v2\/categories?post=18348"},{"taxonomy":"post_tag","embeddable":true,"href":"https:\/\/onlinetranslators.de\/news\/wp-json\/wp\/v2\/tags?post=18348"}],"curies":[{"name":"wp","href":"https:\/\/api.w.org\/{rel}","templated":true}]}}