{"id":1792,"date":"2020-08-12T03:08:19","date_gmt":"2020-08-12T00:08:19","guid":{"rendered":"http:\/\/onlinetranslators.de\/news\/nachrichten\/joe-biden-nominiert-kamala-harris-so-reagieren-barack-obama-al-gore-und-donald-trump\/"},"modified":"2020-08-12T03:08:19","modified_gmt":"2020-08-12T00:08:19","slug":"joe-biden-nominiert-kamala-harris-so-reagieren-barack-obama-al-gore-und-donald-trump","status":"publish","type":"post","link":"https:\/\/onlinetranslators.de\/news\/nachrichten\/joe-biden-nominiert-kamala-harris-so-reagieren-barack-obama-al-gore-und-donald-trump\/","title":{"rendered":"Joe Biden nominiert Kamala Harris: So reagieren Barack Obama, Al Gore und Donald Trump"},"content":{"rendered":"<figure>     <img decoding=\"async\" src=\"https:\/\/cdn.prod.www.spiegel.de\/images\/4552601d-fd95-4d85-a707-ed70145d4100_w948_r1.77_fpx42.99_fpy44.97.jpg\" title=\"Barack Obama: &quot;Mehr als bereit f\u00fcr die Aufgabe&quot;\" alt=\"Barack Obama: &quot;Mehr als bereit f\u00fcr die Aufgabe&quot;\"\/>      Icon: vergr\u00f6\u00dfern<figcaption>\n<p>Barack Obama: &quot;Mehr als bereit f\u00fcr die Aufgabe&quot;<\/p>\n<p>  Foto:\u2002RHONA WISE\/ AFP  <\/figcaption><\/figure>\n<p>Der ehemalige US-Pr\u00e4sident Barack Obama hat die Entscheidung von Joe Biden f\u00fcr Kamala Harris als Kandidatin der Demokraten f\u00fcr den Vizepr\u00e4sidenten-Posten ausdr\u00fccklich begr\u00fc\u00dft. Die 55-J\u00e4hrige sei &quot;mehr als bereit f\u00fcr die Aufgabe&quot;, erkl\u00e4rte Obama am Mittwoch.<\/p>\n<p>&quot;Wenn du im Oval Office bist, die schwersten Probleme abw\u00e4gst, und eine Entscheidung, die du triffst, die Leben und Existenzen eines ganzen Landes beeinflusst &#8211; da brauchst du jemanden bei dir, der das Urteilsverm\u00f6gen und den Charakter hat, um die richtige Entscheidung zu treffen&quot;, sagte Obama. Sein ehemaliger Vize Biden habe die richtige Wahl getroffen: &quot;Das ist ein guter Tag f\u00fcr unser Land. Jetzt lasst uns das Ding gewinnen.&quot;<\/p>\n<p>Der fr\u00fchere Vize-Pr\u00e4sident und heutige Klimaaktivist Al Gore begr\u00fc\u00dft die Nominierung ebenfalls und erkl\u00e4rte in einem Tweet, dass Harris &quot;den Klimawandel und Gerechtigkeit in Umweltfragen zu ihren wichtigsten Anliegen gemacht hat&quot;.<\/p>\n<p>Auch die Demokratin Stacey Abrams \u00e4u\u00dferte sich zu der Entscheidung Bidens. Sie gilt als eine der aufstrebenden Pers\u00f6nlichkeiten in der Partei, auch wenn sie bei der Kandidatur f\u00fcr den Gouverneursposten im Bundesstaat Georgia 2018 knapp unterlegen war. Derzeit betreibt sie eine vielbeachtete Kampagne zur Sicherung und Ausweitung des Wahlrechts in den USA. Sie war selbst als eine der m\u00f6glichen Kandidatinnen f\u00fcr das Biden-Ticket gehandelt worden, wenn auch eher mit Au\u00dfenseiterchancen. <\/p>\n<p>&quot;Ich bin begeistert, Senatorin Harris als n\u00e4chste Vizepr\u00e4sidentin der USA unterst\u00fctzen zu d\u00fcrfen&quot;, schrieb sie auf Twitter. Biden stelle ein Team zusammen, das Amerika wiederaufbauen und den Glauben in die Zukunft zur\u00fcckgeben k\u00f6nne.<\/p>\n<h3>Attacke von Trump &#8211; &quot;sehr fies&quot; und &quot;respektlos&quot; <\/h3>\n<p>Wenig \u00fcberraschend attackierte der amtierende US-Pr\u00e4sident die Auswahl von Harris. Donald Trump sagte im Wei\u00dfen Haus, er sei &quot;\u00fcberrascht&quot; \u00fcber Bidens Entscheidung, schlie\u00dflich habe die schwarze Senatorin im Vorwahlrennen der Demokraten &quot;sehr, sehr schlecht&quot; abgeschnitten. Der Pr\u00e4sident warf Harris auch vor, im Vorwahlkampf der Demokraten &quot;sehr fies&quot; und &quot;respektlos&quot; mit Biden umgegangen zu sein.<\/p>\n<p>Zu den inhaltlichen Positionen von Harris sagte Trump, diese wolle Steuern erh\u00f6hen und die Ausgaben f\u00fcr das Milit\u00e4r k\u00fcrzen. Sie trete au\u00dferdem gegen das sogenannte Fracking zur F\u00f6rderung von \u00d6l und Gas sowie f\u00fcr ein &quot;verstaatlichtes&quot; Gesundheitswesen ein.<\/p>\n<p>In den Umfragen liegt Trump klar hinter Biden. Nun versucht der Pr\u00e4sident hartn\u00e4ckig, die Demokraten als &quot;radikal linke&quot; Partei darzustellen.<\/p>\n<p> Icon: Der Spiegel<\/p>\n","protected":false},"excerpt":{"rendered":"<p>Icon: vergr\u00f6\u00dfern Barack Obama: &quot;Mehr als bereit f\u00fcr die Aufgabe&quot; Foto:\u2002RHONA WISE\/ AFP Der ehemalige US-Pr\u00e4sident Barack Obama hat die Entscheidung von Joe Biden f\u00fcr Kamala Harris als Kandidatin der Demokraten f\u00fcr den Vizepr\u00e4sidenten-Posten ausdr\u00fccklich begr\u00fc\u00dft. Die 55-J\u00e4hrige sei &quot;mehr als bereit f\u00fcr die Aufgabe&quot;, erkl\u00e4rte Obama am Mittwoch. &quot;Wenn du im Oval Office bist, [&hellip;]<\/p>\n","protected":false},"author":1,"featured_media":1793,"comment_status":"open","ping_status":"open","sticky":false,"template":"","format":"standard","meta":{"footnotes":""},"categories":[1],"tags":[],"class_list":["post-1792","post","type-post","status-publish","format-standard","has-post-thumbnail","category-nachrichten"],"_links":{"self":[{"href":"https:\/\/onlinetranslators.de\/news\/wp-json\/wp\/v2\/posts\/1792","targetHints":{"allow":["GET"]}}],"collection":[{"href":"https:\/\/onlinetranslators.de\/news\/wp-json\/wp\/v2\/posts"}],"about":[{"href":"https:\/\/onlinetranslators.de\/news\/wp-json\/wp\/v2\/types\/post"}],"author":[{"embeddable":true,"href":"https:\/\/onlinetranslators.de\/news\/wp-json\/wp\/v2\/users\/1"}],"replies":[{"embeddable":true,"href":"https:\/\/onlinetranslators.de\/news\/wp-json\/wp\/v2\/comments?post=1792"}],"version-history":[{"count":0,"href":"https:\/\/onlinetranslators.de\/news\/wp-json\/wp\/v2\/posts\/1792\/revisions"}],"wp:featuredmedia":[{"embeddable":true,"href":"https:\/\/onlinetranslators.de\/news\/wp-json\/wp\/v2\/media\/1793"}],"wp:attachment":[{"href":"https:\/\/onlinetranslators.de\/news\/wp-json\/wp\/v2\/media?parent=1792"}],"wp:term":[{"taxonomy":"category","embeddable":true,"href":"https:\/\/onlinetranslators.de\/news\/wp-json\/wp\/v2\/categories?post=1792"},{"taxonomy":"post_tag","embeddable":true,"href":"https:\/\/onlinetranslators.de\/news\/wp-json\/wp\/v2\/tags?post=1792"}],"curies":[{"name":"wp","href":"https:\/\/api.w.org\/{rel}","templated":true}]}}