{"id":17889,"date":"2023-01-28T17:56:40","date_gmt":"2023-01-28T14:56:40","guid":{"rendered":"https:\/\/onlinetranslators.de\/news\/nachrichten\/ukraine-russland-news-heute-ukraine-rechnet-mit-neuer-russischer-offensive-zum-jahrestag-des-kriegsbeginns\/"},"modified":"2023-01-28T17:56:40","modified_gmt":"2023-01-28T14:56:40","slug":"ukraine-russland-news-heute-ukraine-rechnet-mit-neuer-russischer-offensive-zum-jahrestag-des-kriegsbeginns","status":"publish","type":"post","link":"https:\/\/onlinetranslators.de\/news\/nachrichten\/ukraine-russland-news-heute-ukraine-rechnet-mit-neuer-russischer-offensive-zum-jahrestag-des-kriegsbeginns\/","title":{"rendered":"Ukraine-Russland-News heute: Ukraine rechnet mit neuer russischer Offensive zum Jahrestag des Kriegsbeginns"},"content":{"rendered":"<p class=\"caps\">Es sei \u00bbkein Geheimnis\u00ab, dass Russland f\u00fcr den 24. Februar einen Gro\u00dfangriff plane, hei\u00dft es aus Kiew. Auch ein US-Thinktank geht davon aus. Und: Ukraine muss laut Ursula von der Leyen gewinnen. Die News.  <\/p>\n<p><em>Dieser Artikel wird fortlaufend aktualisiert.<\/em><\/p>\n<h3>Kiew: Russland bereitet zum Jahrestag des Kriegsbeginns neue Offensive vor<\/h3>\n<p><strong>14.34 Uhr: <\/strong>Russland bereitet ukrainischen Angaben zufolge f\u00fcr den Jahrestag des Kriegsbeginns in der Ukraine eine neue Offensive vor. Es sei \u00bbkein Geheimnis\u00ab, dass die russische Armee f\u00fcr den 24. Februar eine neue Angriffswelle vorbereite, sagte der Sekret\u00e4r des ukrainischen Sicherheits- und Verteidigungsrats, Oleksij Danilow, Radio Swoboda.<\/p>\n<p>Nach Einsch\u00e4tzung des in den USA ans\u00e4ssigen Institute for the Study of War versucht Moskau, die zahlenm\u00e4\u00dfig unterlegenen ukrainischen Streitkr\u00e4fte mit den Angriffen auseinanderzusprengen, um \u00bbdie Bedingungen f\u00fcr eine entscheidende Offensivkampagne zu schaffen\u00ab.<\/p>\n<h3>Scholz: Krieg \u00bbkeine rein europ\u00e4ische Angelegenheit\u00ab<\/h3>\n<p><strong>13.49 Uhr:<\/strong> Olaf Scholz setzt bei der Verurteilung des russischen Angriffskriegs auch auf die Staaten Lateinamerikas. \u00bbDer russische Angriffskrieg gegen die Ukraine ist ein eklatanter Bruch des V\u00f6lkerrechts und damit keine rein europ\u00e4ische Angelegenheit\u00ab, sagte der SPD-Politiker vor seiner Lateinamerika-Reise dem Medienverbund Grupo de Diarios Am\u00e9rica. \u00bbWer sich \u00fcber zentrale Prinzipien der Charta der Vereinten Nationen hinwegsetzt, s\u00e4gt am Fundament der internationalen Ordnung.\u00ab<\/p>\n<p>Scholz brach am Samstagmorgen zu einer viert\u00e4gigen Reise nach Argentinien, Chile und Brasilien auf. In dem Interview verwies er darauf, dass Deutschland mit vielen Staaten Lateinamerikas und der Karibik ein festes Fundament aus Demokratie, Rechtsstaatlichkeit und V\u00f6lkerrecht verbinde. \u00bbGemeinsam stehen wir f\u00fcr staatliche Souver\u00e4nit\u00e4t und friedliche Konfliktbeilegung weltweit ein.\u00ab<\/p>\n<p>Der heutige brasilianische Pr\u00e4sident Luiz In\u00e1cio Lula da Silva war im Mai 2022 \u2013 einige Monate vor seiner Wahl \u2013 mit Kritik an Wolodymyr Selenskyj aufgefallen. \u00bbDieser Typ ist f\u00fcr den Krieg genauso verantwortlich wie Putin\u00ab, sagte Lula dem Magazin \u00bbTime\u00ab. \u00bbWir ermutigen diesen Typen \u2013 und dann denkt er, er sei das Sahneh\u00e4ubchen.\u00ab Scholz trifft Lula am Montag in Brasilia.<\/p>\n<h3>Olaf Scholz: \u00bbJede Entscheidung treffen wir mit Blick auf die Sicherheit Deutschlands und Europas\u00ab<\/h3>\n<p><strong>12.58 Uhr:<\/strong> Olaf Scholz hat die Sicherheit Deutschlands \u00bbimmer im Blick\u00ab \u2013 sagt der Bundeskanzler selbst in einer aktuellen Videoansprache. Es gehe bei jeder Entscheidung um Abstimmung, Abw\u00e4gung und Koordinierung. Er bezieht sich dabei auch auf Waffen- und Panzerlieferungen an die Ukraine.<\/p>\n<p>\u00bbWir treffen Entscheidungen, die immer abgewogen sind\u00ab, sagte Scholz. Au\u00dferdem seien sie international abgestimmt. Man wolle die Ukrainer unterst\u00fctzen, aber eine Eskalation verhindern und keine nationalen Alleing\u00e4nge unternehmen.<\/p>\n","protected":false},"excerpt":{"rendered":"<p>Es sei \u00bbkein Geheimnis\u00ab, dass Russland f\u00fcr den 24. Februar einen Gro\u00dfangriff plane, hei\u00dft es aus Kiew. Auch ein US-Thinktank geht davon aus. Und: Ukraine muss laut Ursula von der<\/p>\n","protected":false},"author":1,"featured_media":17890,"comment_status":"open","ping_status":"open","sticky":false,"template":"","format":"standard","meta":{"footnotes":""},"categories":[1],"tags":[],"class_list":["post-17889","post","type-post","status-publish","format-standard","has-post-thumbnail","hentry","category-nachrichten"],"_links":{"self":[{"href":"https:\/\/onlinetranslators.de\/news\/wp-json\/wp\/v2\/posts\/17889","targetHints":{"allow":["GET"]}}],"collection":[{"href":"https:\/\/onlinetranslators.de\/news\/wp-json\/wp\/v2\/posts"}],"about":[{"href":"https:\/\/onlinetranslators.de\/news\/wp-json\/wp\/v2\/types\/post"}],"author":[{"embeddable":true,"href":"https:\/\/onlinetranslators.de\/news\/wp-json\/wp\/v2\/users\/1"}],"replies":[{"embeddable":true,"href":"https:\/\/onlinetranslators.de\/news\/wp-json\/wp\/v2\/comments?post=17889"}],"version-history":[{"count":0,"href":"https:\/\/onlinetranslators.de\/news\/wp-json\/wp\/v2\/posts\/17889\/revisions"}],"wp:featuredmedia":[{"embeddable":true,"href":"https:\/\/onlinetranslators.de\/news\/wp-json\/wp\/v2\/media\/17890"}],"wp:attachment":[{"href":"https:\/\/onlinetranslators.de\/news\/wp-json\/wp\/v2\/media?parent=17889"}],"wp:term":[{"taxonomy":"category","embeddable":true,"href":"https:\/\/onlinetranslators.de\/news\/wp-json\/wp\/v2\/categories?post=17889"},{"taxonomy":"post_tag","embeddable":true,"href":"https:\/\/onlinetranslators.de\/news\/wp-json\/wp\/v2\/tags?post=17889"}],"curies":[{"name":"wp","href":"https:\/\/api.w.org\/{rel}","templated":true}]}}