{"id":1764,"date":"2020-08-10T21:16:06","date_gmt":"2020-08-10T18:16:06","guid":{"rendered":"http:\/\/onlinetranslators.de\/news\/nachrichten\/olaf-scholz-kanzlerkandidat-dank-krise\/"},"modified":"2020-08-10T21:16:06","modified_gmt":"2020-08-10T18:16:06","slug":"olaf-scholz-kanzlerkandidat-dank-krise","status":"publish","type":"post","link":"https:\/\/onlinetranslators.de\/news\/nachrichten\/olaf-scholz-kanzlerkandidat-dank-krise\/","title":{"rendered":"Olaf Scholz: Kanzlerkandidat dank Krise"},"content":{"rendered":"<figure>     <img decoding=\"async\" src=\"https:\/\/cdn.prod.www.spiegel.de\/images\/4e7a4835-40f6-43b0-86f8-2cf850e2b8f4_w948_r1.77_fpx48.67_fpy44.96.jpg\" title=\"Olaf Scholz: Will der Union die &quot;Gelegenheit zur Erneuerung in der Opposition&quot; einr\u00e4umen\" alt=\"Olaf Scholz: Will der Union die &quot;Gelegenheit zur Erneuerung in der Opposition&quot; einr\u00e4umen\"\/>      Icon: vergr\u00f6\u00dfern<figcaption>\n<p>Olaf Scholz: Will der Union die &quot;Gelegenheit zur Erneuerung in der Opposition&quot; einr\u00e4umen<\/p>\n<p>  Foto:\u2002Hayoung Jeon\/ EPA-EFE\/ Shutterstock  <\/figcaption><\/figure>\n<p>Und wieder muss Olaf Scholz warten. So wie zuletzt \u00fcber all die Monate, die er ausharren musste, bis das Herumdrucksen der SPD \u00fcber die Frage nach dem Kanzlerkandidaten am Montag ein Ende fand. Nun steht Scholz auf einer rot verkleideten B\u00fchne im Berliner Gasometer zwischen den Parteivorsitzenden Norbert Walter-Borjans und Saskia Esken, die erstmal eine gute Viertelstunde \u00fcber ihre Erkenntnisse der j\u00fcngeren Vergangenheit referieren. Sie spielen Pingpong mit ihren Redebeitr\u00e4gen, Scholz schaut, zumindest \u00e4u\u00dferlich geduldig, von einem zur anderen.<\/p>\n<p>Walter-Borjans sagt \u00fcber Scholz noch, er sei mit seinem Ansehen, seiner Erfahrung und dem, was er an Solidit\u00e4t ausstrahle, der richtige Kandidat. Dann endlich ist er dran, der Kandidat. Er f\u00fchle sich richtig gut, sagt Scholz. Es sei ein besonderer, demokratischer Moment, &quot;und jetzt machen wir was daraus&quot;. Der Vizekanzler zeigt sich angriffslustig, spricht davon, der Union die &quot;Gelegenheit zur Erneuerung in der Opposition&quot; einzur\u00e4umen. Das klingt fast schon ein bisschen gr\u00f6\u00dfenwahnsinnig angesichts der Ausgangssituation, aber es soll eben niemand behaupten: Die SPD glaubt in Wahrheit ohnehin nicht an sich.<\/p>\n<p>Nein, Scholz l\u00e4sst keinen Zweifel an seinem F\u00fchrungsanspruch. Die kommende Bundestagswahl sei eine gro\u00dfe Chance, weil sich kein Amtsinhaber, keine Amtsinhaberin im Kanzleramt bewerbe. Hatte Parteichefin Esken sich im ARD-Sommerinterview auch offen f\u00fcr eine Koalition unter F\u00fchrung der Gr\u00fcnen gezeigt, gibt sich Scholz nun k\u00e4mpferisch: &quot;Ich freue mich \u00fcber die Nominierung, und ich will gewinnen.&quot;<\/p>\n<p>Es ist eine Kanzlerkandidatur, die Ende 2019, nach Scholz&#039; Niederlage im Mitgliedervotum \u00fcber den Parteivorsitz, kaum denkbar schien. Doch in den vergangenen Wochen lief alles auf ihn zu. Olaf Scholz, Vizekanzler und Finanzminister, 62 Jahre alt, ist in der SPD-Spitze einer der wenigen mit viel Erfahrung. Der Beamtensohn aus Hamburg-Altona \u00fcbte sich erst bei den Jusos in Kapitalismuskritik. Er geh\u00f6rte zu dem Fl\u00fcgel, der sich die &quot;Stamokaps&quot; nannte, kurz f\u00fcr &quot;staatsmonopolistischer Kapitalismus&quot;. Scholz habe damals viel gelesen und theoretisiert, hei\u00dft es in seinem Umfeld. Sp\u00e4ter sagte er dazu, es sei gut, dass er so fr\u00fch damit angefangen habe, denn so habe er seine Gedanken mit der Realit\u00e4t abgleichen k\u00f6nnen.<\/p>\n<p>Von 1994 bis 2004 f\u00fchrte er zum ersten Mal die Hamburger SPD an. 2001 wurde er Innensenator und versuchte, den Rechtspopulisten Ronald Schill zu verhindern &#8211; er scheiterte. Schill hatte damals das Thema innere Sicherheit besetzt. Die SPD tat sich schwer in ihrer Hochburg, auch wegen der steigenden Kriminalit\u00e4t. In jener Zeit dachte Scholz laut Vertrauten viel \u00fcber Rechtspopulismus nach, besch\u00e4ftigte sich intensiv mit FP\u00d6-Politiker J\u00f6rg Haider, sp\u00e4ter auch mit der AfD. Er entschied sich, keine Emp\u00f6rungspolitik zu betreiben, niemandem mit der Attit\u00fcde des Demaskierens zu begegnen und stattdessen sachlich an die Fragen heranzugehen.<\/p>\n<p>Nach der Niederlage bei der B\u00fcrgerschaftswahl machte Gerhard Schr\u00f6der ihn zum Generalsekret\u00e4r. Scholz verteidigte die Agenda-Politik und wurde wegen seiner steifen Art als &quot;Scholzomat&quot; verspottet. Als Schr\u00f6der zur\u00fccktrat, tat Scholz dies ebenfalls. Seine Karriere unterbrach das aber nur zeitweise. 2007 wurde Scholz Arbeitsminister und unternahm in dieser Rolle erste Schritte in Richtung Mindestlohn. Das Arbeitnehmerentsendegesetz war der Durchbruch. Von da an gab es zumindest branchenspezifische Mindestl\u00f6hne &#8211; zu einer Zeit, als Mindestl\u00f6hne bei Gewerkschaften noch nicht gerade popul\u00e4r waren.<\/p>\n<p>Bei der Bundestagswahl 2009 schnitt die SPD schlecht ab, nicht nur im Bund, auch in Hamburg, wo sie hinter der CDU lag. Doch in den folgenden anderthalb Jahren gelang es Scholz, die Genossen aufzurichten und sogar zur absoluten Mehrheit zu f\u00fchren. &quot;Die Welt&quot; nannte Scholz damals einen &quot;Comeback-Spezialisten&quot;. Mit einem geschlechterparit\u00e4tisch besetzten Team \u00fcbernahm Scholz die Regierung in der Hansestadt. Als Erster B\u00fcrgermeister f\u00fchrte Scholz auch die SPD-L\u00e4nder an.<\/p>\n<p>Auch in der Bundespartei mischte Scholz weiter mit: Als Chef der Antragskommission nahm er auf Bundesparteitagen Stimmungen auf und f\u00fchrte sie zusammen. Als Finanzminister und Vizekanzler spielte er ab 2018 dann auch auf der internationalen B\u00fchne mit. Im Sommer bereitete er im kleinen Kreis mit Bruno Le Maire die deutsche Antwort auf Emmanuel Macron vor. Dazu z\u00e4hlten die Reform des ESM-Vertrags, eine europ\u00e4ische Arbeitenlosenr\u00fcckversicherung, h\u00f6here Investitionen.<\/p>\n<p>Doch ein Jahr sp\u00e4ter erlebte Scholz seine gro\u00dfe Niederlage. Scholz bewarb sich beim Kandidatenrennen um den SPD-Vorsitz. Aber das Trommelfeuer der eigenen Fraktion f\u00fcr Scholz l\u00f6ste bei manchen Genossen das Gegenteil aus. Weil sie ihren Frust \u00fcber die schlechten Zustimmungswerte der SPD loswerden wollten, stimmten viele gegen Scholz und die ganze Funktion\u00e4rsebene. Und die Kampagne der Jusos, die Esken und Walter-Borjans unterst\u00fctzten, f\u00fchrte dazu, dass eine Anbody-but-Scholz-Wahl daraus wurde. Egal wer, nur nicht Scholz.<\/p>\n<p>Doch in der Coronakrise stieg Scholz auf einmal wieder zum Hoffnungstr\u00e4ger der Partei auf. Er ist der beliebteste Sozialdemokrat und hat nach Kanzlerin Angela Merkel die besten pers\u00f6nlichen Werte im Bundeskabinett. Sein Krisenmanagement und der Umgang mit den Parteivorsitzenden hat selbst bei den Jusos sein Ansehen deutlich gesteigert. Juso-Chef Kevin K\u00fchnert lobte ihn bereits im Fr\u00fchjahr \u00fcberschw\u00e4nglich, und auch K\u00fchnerts designierte Nachfolgerin Jessica Rosenthal \u00e4u\u00dferte im SPIEGEL-Interview vorsichtige Zustimmung.<\/p>\n<p>Ob Scholz ein erfolgreicher Kanzlerkandidat wird, entscheidet sich aber auch daran, ob er seine Partei mitnehmen kann, vor allem emotional. Scholz hat bereits erfolgreiche Wahlk\u00e4mpfe gef\u00fchrt, allerdings nur in Hamburg. Bei der Bewerbung um den Parteivorsitz wirkte er oft unbeteiligt und k\u00fchl. Intern sei Scholz ganz anders, sagen Genossen, k\u00e4mpferisch, ein leidenschaftlicher Sozialdemokrat. Es wird sich zeigen, ob er diese Seite nun auch \u00f6ffentlich h\u00e4ufiger herausl\u00e4sst.<\/p>\n<p> Icon: Der Spiegel<\/p>\n","protected":false},"excerpt":{"rendered":"<p>Icon: vergr\u00f6\u00dfern Olaf Scholz: Will der Union die &quot;Gelegenheit zur Erneuerung in der Opposition&quot; einr\u00e4umen Foto:\u2002Hayoung Jeon\/ EPA-EFE\/ Shutterstock Und wieder muss Olaf Scholz warten. So wie zuletzt \u00fcber all die Monate, die er ausharren musste, bis das Herumdrucksen der SPD \u00fcber die Frage nach dem Kanzlerkandidaten am Montag ein Ende fand. Nun steht Scholz [&hellip;]<\/p>\n","protected":false},"author":1,"featured_media":1765,"comment_status":"open","ping_status":"open","sticky":false,"template":"","format":"standard","meta":{"footnotes":""},"categories":[1],"tags":[],"class_list":["post-1764","post","type-post","status-publish","format-standard","has-post-thumbnail","category-nachrichten"],"_links":{"self":[{"href":"https:\/\/onlinetranslators.de\/news\/wp-json\/wp\/v2\/posts\/1764","targetHints":{"allow":["GET"]}}],"collection":[{"href":"https:\/\/onlinetranslators.de\/news\/wp-json\/wp\/v2\/posts"}],"about":[{"href":"https:\/\/onlinetranslators.de\/news\/wp-json\/wp\/v2\/types\/post"}],"author":[{"embeddable":true,"href":"https:\/\/onlinetranslators.de\/news\/wp-json\/wp\/v2\/users\/1"}],"replies":[{"embeddable":true,"href":"https:\/\/onlinetranslators.de\/news\/wp-json\/wp\/v2\/comments?post=1764"}],"version-history":[{"count":0,"href":"https:\/\/onlinetranslators.de\/news\/wp-json\/wp\/v2\/posts\/1764\/revisions"}],"wp:featuredmedia":[{"embeddable":true,"href":"https:\/\/onlinetranslators.de\/news\/wp-json\/wp\/v2\/media\/1765"}],"wp:attachment":[{"href":"https:\/\/onlinetranslators.de\/news\/wp-json\/wp\/v2\/media?parent=1764"}],"wp:term":[{"taxonomy":"category","embeddable":true,"href":"https:\/\/onlinetranslators.de\/news\/wp-json\/wp\/v2\/categories?post=1764"},{"taxonomy":"post_tag","embeddable":true,"href":"https:\/\/onlinetranslators.de\/news\/wp-json\/wp\/v2\/tags?post=1764"}],"curies":[{"name":"wp","href":"https:\/\/api.w.org\/{rel}","templated":true}]}}