{"id":1756,"date":"2020-08-10T12:48:22","date_gmt":"2020-08-10T09:48:22","guid":{"rendered":"http:\/\/onlinetranslators.de\/news\/nachrichten\/olaf-scholz-wird-laut-spd-chefs-kanzlerkandidat-2021\/"},"modified":"2020-08-10T12:48:22","modified_gmt":"2020-08-10T09:48:22","slug":"olaf-scholz-wird-laut-spd-chefs-kanzlerkandidat-2021","status":"publish","type":"post","link":"https:\/\/onlinetranslators.de\/news\/nachrichten\/olaf-scholz-wird-laut-spd-chefs-kanzlerkandidat-2021\/","title":{"rendered":"Olaf Scholz wird laut SPD-Chefs Kanzlerkandidat 2021"},"content":{"rendered":"<figure>     <img decoding=\"async\" src=\"https:\/\/cdn.prod.www.spiegel.de\/images\/02342ce9-73db-4e61-8cb2-9ad416f85271_w948_r1.77_fpx63_fpy40.jpg\" title=\"Olaf Scholz, Bundesfinanzminister und SPD-Kanzlerkandidat 2021\" alt=\"Olaf Scholz, Bundesfinanzminister und SPD-Kanzlerkandidat 2021\"\/>      Icon: vergr\u00f6\u00dfern<figcaption>\n<p>Olaf Scholz, Bundesfinanzminister und SPD-Kanzlerkandidat 2021<\/p>\n<p>  Foto:\u2002<\/p>\n<p>Fabrizio Bensch\/ REUTERS<\/p>\n<\/figcaption><\/figure>\n<p>Olaf Scholz soll die SPD als Kanzlerkandidat in den Bundestagswahlkampf 2021 f\u00fchren. Das hat der Parteivorstand auf Vorschlag der Parteichefs Saskia Esken und Norbert Walter-Borjans nach SPIEGEL-Informationen einstimmig beschlossen.<\/p>\n<p>In einer Nachricht auf Twitter best\u00e4tigte Scholz die Meldung. Er schrieb, er freue sich auf den Wahlkampf mit einem starken Team.<\/p>\n<p>Scholz, 62, ist seit 2018 Vizekanzler und Finanzminister im Kabinett von Angela Merkel (CDU).<\/p>\n<h3>Niedersachsens Innenminister Pistorius: &quot;Der Zeitpunkt ist richtig.&quot;<\/h3>\n<p>&quot;Ich begr\u00fc\u00dfe die Kandidatur von Olaf Scholz&quot;, sagte Niedersachsens Innenminister Boris Pistorius dem SPIEGEL. &quot;Der Zeitpunkt jetzt ist richtig. Ich werde ihn gerne im Wahlkampf unterst\u00fctzen.&quot;<\/p>\n<p>F\u00fcr die SPD-Fraktion im Bundestag erkl\u00e4rte deren Vorsitzender Rolf M\u00fctzenich via Twitter, Scholz habe bereits bewiesen, &quot;dass er unser Land auch in schwierigen Zeiten f\u00fchren kann&quot;. Scholz war von 2011 bis 2018 Erster B\u00fcrgermeister der Hansestadt Hamburg.<\/p>\n<p>Scholz galt schon l\u00e4nger als Favorit f\u00fcr die Kandidatur. Auch die Parteichefs hatten ihr Verh\u00e4ltnis zu ihm zuletzt deutlich verbessert. Es gab aber auch Widerst\u00e4nde. In Nordrhein-Westfalen etwa wurde bef\u00fcrchtet, die Kandidatur k\u00f6nne den Wahlkampf f\u00fcr die Kommunalwahlen am 13. September \u00fcberschatten.<\/p>\n<p>Der Druck auf die Parteispitze war in der Frage jedoch zuletzt stark gewachsen, die Reaktionen von Esken und Walter-Borjans dazu wirkten zuletzt bereits verdruckst.<\/p>\n<p> Icon: Der Spiegel<\/p>\n","protected":false},"excerpt":{"rendered":"<p>Icon: vergr\u00f6\u00dfern Olaf Scholz, Bundesfinanzminister und SPD-Kanzlerkandidat 2021 Foto:\u2002 Fabrizio Bensch\/ REUTERS Olaf Scholz soll die SPD als Kanzlerkandidat in den Bundestagswahlkampf 2021 f\u00fchren. Das hat der Parteivorstand auf Vorschlag der Parteichefs Saskia Esken und Norbert Walter-Borjans nach SPIEGEL-Informationen einstimmig beschlossen. In einer Nachricht auf Twitter best\u00e4tigte Scholz die Meldung. Er schrieb, er freue sich [&hellip;]<\/p>\n","protected":false},"author":1,"featured_media":1757,"comment_status":"open","ping_status":"open","sticky":false,"template":"","format":"standard","meta":{"footnotes":""},"categories":[1],"tags":[],"class_list":["post-1756","post","type-post","status-publish","format-standard","has-post-thumbnail","category-nachrichten"],"_links":{"self":[{"href":"https:\/\/onlinetranslators.de\/news\/wp-json\/wp\/v2\/posts\/1756","targetHints":{"allow":["GET"]}}],"collection":[{"href":"https:\/\/onlinetranslators.de\/news\/wp-json\/wp\/v2\/posts"}],"about":[{"href":"https:\/\/onlinetranslators.de\/news\/wp-json\/wp\/v2\/types\/post"}],"author":[{"embeddable":true,"href":"https:\/\/onlinetranslators.de\/news\/wp-json\/wp\/v2\/users\/1"}],"replies":[{"embeddable":true,"href":"https:\/\/onlinetranslators.de\/news\/wp-json\/wp\/v2\/comments?post=1756"}],"version-history":[{"count":0,"href":"https:\/\/onlinetranslators.de\/news\/wp-json\/wp\/v2\/posts\/1756\/revisions"}],"wp:featuredmedia":[{"embeddable":true,"href":"https:\/\/onlinetranslators.de\/news\/wp-json\/wp\/v2\/media\/1757"}],"wp:attachment":[{"href":"https:\/\/onlinetranslators.de\/news\/wp-json\/wp\/v2\/media?parent=1756"}],"wp:term":[{"taxonomy":"category","embeddable":true,"href":"https:\/\/onlinetranslators.de\/news\/wp-json\/wp\/v2\/categories?post=1756"},{"taxonomy":"post_tag","embeddable":true,"href":"https:\/\/onlinetranslators.de\/news\/wp-json\/wp\/v2\/tags?post=1756"}],"curies":[{"name":"wp","href":"https:\/\/api.w.org\/{rel}","templated":true}]}}