{"id":16714,"date":"2022-12-08T12:39:07","date_gmt":"2022-12-08T09:39:07","guid":{"rendered":"https:\/\/onlinetranslators.de\/news\/nachrichten\/iran-erster-demonstrant-laut-staatlicher-nachrichtenagentur-hingerichtet\/"},"modified":"2022-12-08T12:39:07","modified_gmt":"2022-12-08T09:39:07","slug":"iran-erster-demonstrant-laut-staatlicher-nachrichtenagentur-hingerichtet","status":"publish","type":"post","link":"https:\/\/onlinetranslators.de\/news\/nachrichten\/iran-erster-demonstrant-laut-staatlicher-nachrichtenagentur-hingerichtet\/","title":{"rendered":"Iran: Erster Demonstrant laut staatlicher Nachrichtenagentur hingerichtet"},"content":{"rendered":"<p class=\"caps\">Iranische Gerichte haben Todesurteile gegen mehrere Teilnehmer der Massenproteste verh\u00e4ngt. Nun soll die erste Hinrichtung vollzogen worden sein \u2013 viele weitere k\u00f6nnten folgen, wenn es nach Hardlinern im Parlament geht.  <\/p>\n<p>In Iran ist nach Angaben der staatlichen Nachrichtenagentur Irna erstmals seit Beginn der Massenproteste vor ann\u00e4hernd drei Monaten ein Demonstrant hingerichtet worden. Der Mann sei Ende September in Teheran verhaftet worden, berichtete die Agentur. Ein Revolutionsgericht in der Hauptstadt Teheran habe ihn gem\u00e4\u00df islamischer Rechtsauffassung wegen \u00bbKriegsf\u00fchrung gegen Gott\u00ab verurteilt. Demnach wurde ihm zur Last gelegt, eine Sicherheitskraft mit einer Waffe angegriffen sowie \u00bbSchrecken verbreitet\u00ab zu haben.<\/p>\n<h3>Menschenrechtler: Mindestens 470 Demonstranten get\u00f6tet<\/h3>\n<p>In den vergangenen Wochen wurden in Iran bereits mehrere Todesurteile gegen Demonstranten verh\u00e4ngt. Die Justiz hat angesichts der Proteste einen harten Kurs angek\u00fcndigt. Auch im Parlament forderten Abgeordnete harte Urteile bis zur Todesstrafe f\u00fcr Tausende inhaftierte Teilnehmer der Proteste. Nach Einsch\u00e4tzungen von Menschenrechtlern wurden seit Mitte September mindestens 470 Demonstranten get\u00f6tet und mehr als 18.000 verhaftet.<\/p>\n<p>Die nun vermeldete Hinrichtung folgt auf vorgebliche Zugest\u00e4ndnisse vonseiten des Regimes. Am Sonntag hatte der iranische Generalstaatsanwalt erkl\u00e4rt, die Sittenpolizei sei abgeschafft worden. Die Aussage war von vielen Demonstranten und Kritikern der politischen F\u00fchrung zun\u00e4chst mit Skepsis aufgenommen worden. Sie fordern weiter, den Kopftuchzwang im Land abzuschaffen.<\/p>\n<p>Frauen in dem Land bef\u00fcrchten, andere Sicherheitskr\u00e4fte k\u00f6nnten ansonsten einfach die Kontrollen \u00fcbernehmen, die bislang bei der Sittenpolizei lagen. Aktivisten sehen in den Aussagen zur Sittenpolizei zudem ein Ablenkungsman\u00f6ver, um die angespannte Lage im Land zu beruhigen.<\/p>\n<p>Aktivisten und Augenzeugen zufolge begehrten auch in dieser Woche erneut Menschen gegen die politische F\u00fchrung des Landes auf. Auf den Stra\u00dfen der Hauptstadt Teheran riefen die Demonstranten demnach \u00bbTod dem Diktator\u00ab und \u00bbIslamische Republik wollen wir nicht (mehr)\u00ab. Berichte \u00fcber gewaltsame Auseinandersetzungen zwischen Sicherheitskr\u00e4ften und Demonstranten gab es zun\u00e4chst nicht.<\/p>\n<p>Die Handlungen der Sittenpolizei waren der Ausl\u00f6ser der seit \u00fcber zwei Monaten andauernden systemkritischen Proteste im Land. Diese begannen mit dem Tod der iranischen Kurdin Mahsa Amini. Sie starb Mitte September, nachdem sie von der Sittenpolizei wegen Versto\u00dfes gegen die islamischen Kleidungsvorschriften festgenommen und in Polizeigewahrsam genommen worden war.<\/p>\n","protected":false},"excerpt":{"rendered":"<p>Iranische Gerichte haben Todesurteile gegen mehrere Teilnehmer der Massenproteste verh\u00e4ngt. Nun soll die erste Hinrichtung vollzogen worden sein \u2013 viele weitere k\u00f6nnten folgen, wenn es nach Hardlinern im Parlament geht.<\/p>\n","protected":false},"author":1,"featured_media":16715,"comment_status":"open","ping_status":"open","sticky":false,"template":"","format":"standard","meta":{"footnotes":""},"categories":[1],"tags":[],"class_list":["post-16714","post","type-post","status-publish","format-standard","has-post-thumbnail","hentry","category-nachrichten"],"_links":{"self":[{"href":"https:\/\/onlinetranslators.de\/news\/wp-json\/wp\/v2\/posts\/16714","targetHints":{"allow":["GET"]}}],"collection":[{"href":"https:\/\/onlinetranslators.de\/news\/wp-json\/wp\/v2\/posts"}],"about":[{"href":"https:\/\/onlinetranslators.de\/news\/wp-json\/wp\/v2\/types\/post"}],"author":[{"embeddable":true,"href":"https:\/\/onlinetranslators.de\/news\/wp-json\/wp\/v2\/users\/1"}],"replies":[{"embeddable":true,"href":"https:\/\/onlinetranslators.de\/news\/wp-json\/wp\/v2\/comments?post=16714"}],"version-history":[{"count":0,"href":"https:\/\/onlinetranslators.de\/news\/wp-json\/wp\/v2\/posts\/16714\/revisions"}],"wp:featuredmedia":[{"embeddable":true,"href":"https:\/\/onlinetranslators.de\/news\/wp-json\/wp\/v2\/media\/16715"}],"wp:attachment":[{"href":"https:\/\/onlinetranslators.de\/news\/wp-json\/wp\/v2\/media?parent=16714"}],"wp:term":[{"taxonomy":"category","embeddable":true,"href":"https:\/\/onlinetranslators.de\/news\/wp-json\/wp\/v2\/categories?post=16714"},{"taxonomy":"post_tag","embeddable":true,"href":"https:\/\/onlinetranslators.de\/news\/wp-json\/wp\/v2\/tags?post=16714"}],"curies":[{"name":"wp","href":"https:\/\/api.w.org\/{rel}","templated":true}]}}