{"id":13978,"date":"2022-07-23T01:16:37","date_gmt":"2022-07-22T22:16:37","guid":{"rendered":"https:\/\/onlinetranslators.de\/news\/nachrichten\/herbert-diess-reaktionen-zum-abschied-des-vw-chefs-what-what-%f0%9f%98%b1\/"},"modified":"2022-07-23T01:16:37","modified_gmt":"2022-07-22T22:16:37","slug":"herbert-diess-reaktionen-zum-abschied-des-vw-chefs-what-what-%f0%9f%98%b1","status":"publish","type":"post","link":"https:\/\/onlinetranslators.de\/news\/nachrichten\/herbert-diess-reaktionen-zum-abschied-des-vw-chefs-what-what-%f0%9f%98%b1\/","title":{"rendered":"Herbert Diess \u2013 Reaktionen zum Abschied des VW-Chefs: \u00bbWhat? What?!!! \ud83d\ude31\u00ab"},"content":{"rendered":"<p class=\"caps\">Herbert Diess verl\u00e4sst Volkswagen und \u00fcbergibt an Oliver Blume. Die Eigent\u00fcmerfamilien sprechen dem Neuen ihr Vertrauen aus. Doch es gibt auch Kritik an der Entscheidung. Und einer schweigt bislang.<\/p>\n","protected":false},"excerpt":{"rendered":"<p>Herbert Diess verl\u00e4sst Volkswagen und \u00fcbergibt an Oliver Blume. Die Eigent\u00fcmerfamilien sprechen dem Neuen ihr Vertrauen aus. Doch es gibt auch Kritik an der Entscheidung. Und einer schweigt bislang.<\/p>\n","protected":false},"author":1,"featured_media":0,"comment_status":"open","ping_status":"open","sticky":false,"template":"","format":"standard","meta":{"footnotes":""},"categories":[1],"tags":[],"class_list":["post-13978","post","type-post","status-publish","format-standard","hentry","category-nachrichten"],"_links":{"self":[{"href":"https:\/\/onlinetranslators.de\/news\/wp-json\/wp\/v2\/posts\/13978","targetHints":{"allow":["GET"]}}],"collection":[{"href":"https:\/\/onlinetranslators.de\/news\/wp-json\/wp\/v2\/posts"}],"about":[{"href":"https:\/\/onlinetranslators.de\/news\/wp-json\/wp\/v2\/types\/post"}],"author":[{"embeddable":true,"href":"https:\/\/onlinetranslators.de\/news\/wp-json\/wp\/v2\/users\/1"}],"replies":[{"embeddable":true,"href":"https:\/\/onlinetranslators.de\/news\/wp-json\/wp\/v2\/comments?post=13978"}],"version-history":[{"count":0,"href":"https:\/\/onlinetranslators.de\/news\/wp-json\/wp\/v2\/posts\/13978\/revisions"}],"wp:attachment":[{"href":"https:\/\/onlinetranslators.de\/news\/wp-json\/wp\/v2\/media?parent=13978"}],"wp:term":[{"taxonomy":"category","embeddable":true,"href":"https:\/\/onlinetranslators.de\/news\/wp-json\/wp\/v2\/categories?post=13978"},{"taxonomy":"post_tag","embeddable":true,"href":"https:\/\/onlinetranslators.de\/news\/wp-json\/wp\/v2\/tags?post=13978"}],"curies":[{"name":"wp","href":"https:\/\/api.w.org\/{rel}","templated":true}]}}