{"id":13948,"date":"2022-07-20T10:46:03","date_gmt":"2022-07-20T07:46:03","guid":{"rendered":"https:\/\/onlinetranslators.de\/news\/nachrichten\/markus-soder-und-die-energiekrise-in-bayern-konnten-strom-gas-knapp-werden\/"},"modified":"2022-07-20T10:46:03","modified_gmt":"2022-07-20T07:46:03","slug":"markus-soder-und-die-energiekrise-in-bayern-konnten-strom-gas-knapp-werden","status":"publish","type":"post","link":"https:\/\/onlinetranslators.de\/news\/nachrichten\/markus-soder-und-die-energiekrise-in-bayern-konnten-strom-gas-knapp-werden\/","title":{"rendered":"Markus S\u00f6der und die Energiekrise: In Bayern k\u00f6nnten Strom Gas knapp werden"},"content":{"rendered":"<p class=\"caps\">Markus S\u00f6der warnt vor einem kalten Winter und fordert l\u00e4ngere Laufzeiten f\u00fcr Atomkraftwerke. F\u00fcr die Aufregung des Ministerpr\u00e4sidenten gibt es einen Grund: In Bayern k\u00f6nnten sowohl Strom als auch Gas knapp werden.<\/p>\n","protected":false},"excerpt":{"rendered":"<p>Markus S\u00f6der warnt vor einem kalten Winter und fordert l\u00e4ngere Laufzeiten f\u00fcr Atomkraftwerke. F\u00fcr die Aufregung des Ministerpr\u00e4sidenten gibt es einen Grund: In Bayern k\u00f6nnten sowohl Strom als auch Gas<\/p>\n","protected":false},"author":1,"featured_media":0,"comment_status":"open","ping_status":"open","sticky":false,"template":"","format":"standard","meta":{"footnotes":""},"categories":[1],"tags":[],"class_list":["post-13948","post","type-post","status-publish","format-standard","hentry","category-nachrichten"],"_links":{"self":[{"href":"https:\/\/onlinetranslators.de\/news\/wp-json\/wp\/v2\/posts\/13948","targetHints":{"allow":["GET"]}}],"collection":[{"href":"https:\/\/onlinetranslators.de\/news\/wp-json\/wp\/v2\/posts"}],"about":[{"href":"https:\/\/onlinetranslators.de\/news\/wp-json\/wp\/v2\/types\/post"}],"author":[{"embeddable":true,"href":"https:\/\/onlinetranslators.de\/news\/wp-json\/wp\/v2\/users\/1"}],"replies":[{"embeddable":true,"href":"https:\/\/onlinetranslators.de\/news\/wp-json\/wp\/v2\/comments?post=13948"}],"version-history":[{"count":0,"href":"https:\/\/onlinetranslators.de\/news\/wp-json\/wp\/v2\/posts\/13948\/revisions"}],"wp:attachment":[{"href":"https:\/\/onlinetranslators.de\/news\/wp-json\/wp\/v2\/media?parent=13948"}],"wp:term":[{"taxonomy":"category","embeddable":true,"href":"https:\/\/onlinetranslators.de\/news\/wp-json\/wp\/v2\/categories?post=13948"},{"taxonomy":"post_tag","embeddable":true,"href":"https:\/\/onlinetranslators.de\/news\/wp-json\/wp\/v2\/tags?post=13948"}],"curies":[{"name":"wp","href":"https:\/\/api.w.org\/{rel}","templated":true}]}}