{"id":13370,"date":"2022-06-04T08:26:07","date_gmt":"2022-06-04T05:26:07","guid":{"rendered":"https:\/\/onlinetranslators.de\/news\/nachrichten\/thuringen-kevin-kuhnert-warnt-cdu-vor-pakt-mit-afd\/"},"modified":"2022-06-04T08:26:07","modified_gmt":"2022-06-04T05:26:07","slug":"thuringen-kevin-kuhnert-warnt-cdu-vor-pakt-mit-afd","status":"publish","type":"post","link":"https:\/\/onlinetranslators.de\/news\/nachrichten\/thuringen-kevin-kuhnert-warnt-cdu-vor-pakt-mit-afd\/","title":{"rendered":"Th\u00fcringen: Kevin K\u00fchnert warnt CDU vor Pakt mit AfD"},"content":{"rendered":"<p class=\"caps\">Setzt die CDU mit der AfD im Th\u00fcringer Landtag feste Windradabst\u00e4nde durch? SPD-Generalsekret\u00e4r K\u00fchnert warnt vor einem \u00bbGesetz von H\u00f6ckes Gnaden\u00ab. Auch die Gr\u00fcnen fordern CDU-Chef Merz zum Handeln auf.<\/p>\n","protected":false},"excerpt":{"rendered":"<p>Setzt die CDU mit der AfD im Th\u00fcringer Landtag feste Windradabst\u00e4nde durch? SPD-Generalsekret\u00e4r K\u00fchnert warnt vor einem \u00bbGesetz von H\u00f6ckes Gnaden\u00ab. Auch die Gr\u00fcnen fordern CDU-Chef Merz zum Handeln auf.<\/p>\n","protected":false},"author":1,"featured_media":0,"comment_status":"open","ping_status":"open","sticky":false,"template":"","format":"standard","meta":{"footnotes":""},"categories":[1],"tags":[],"class_list":["post-13370","post","type-post","status-publish","format-standard","hentry","category-nachrichten"],"_links":{"self":[{"href":"https:\/\/onlinetranslators.de\/news\/wp-json\/wp\/v2\/posts\/13370","targetHints":{"allow":["GET"]}}],"collection":[{"href":"https:\/\/onlinetranslators.de\/news\/wp-json\/wp\/v2\/posts"}],"about":[{"href":"https:\/\/onlinetranslators.de\/news\/wp-json\/wp\/v2\/types\/post"}],"author":[{"embeddable":true,"href":"https:\/\/onlinetranslators.de\/news\/wp-json\/wp\/v2\/users\/1"}],"replies":[{"embeddable":true,"href":"https:\/\/onlinetranslators.de\/news\/wp-json\/wp\/v2\/comments?post=13370"}],"version-history":[{"count":0,"href":"https:\/\/onlinetranslators.de\/news\/wp-json\/wp\/v2\/posts\/13370\/revisions"}],"wp:attachment":[{"href":"https:\/\/onlinetranslators.de\/news\/wp-json\/wp\/v2\/media?parent=13370"}],"wp:term":[{"taxonomy":"category","embeddable":true,"href":"https:\/\/onlinetranslators.de\/news\/wp-json\/wp\/v2\/categories?post=13370"},{"taxonomy":"post_tag","embeddable":true,"href":"https:\/\/onlinetranslators.de\/news\/wp-json\/wp\/v2\/tags?post=13370"}],"curies":[{"name":"wp","href":"https:\/\/api.w.org\/{rel}","templated":true}]}}