{"id":12513,"date":"2022-03-23T07:06:44","date_gmt":"2022-03-23T04:06:44","guid":{"rendered":"https:\/\/onlinetranslators.de\/news\/nachrichten\/ukraine-news-am-mittwoch-selenskyj-will-russische-piloten-zur-rechenschaft-ziehen\/"},"modified":"2022-03-23T07:06:44","modified_gmt":"2022-03-23T04:06:44","slug":"ukraine-news-am-mittwoch-selenskyj-will-russische-piloten-zur-rechenschaft-ziehen","status":"publish","type":"post","link":"https:\/\/onlinetranslators.de\/news\/nachrichten\/ukraine-news-am-mittwoch-selenskyj-will-russische-piloten-zur-rechenschaft-ziehen\/","title":{"rendered":"Ukraine-News am Mittwoch: Selenskyj will russische Piloten zur Rechenschaft ziehen"},"content":{"rendered":"<p class=\"caps\">Der ukrainische Pr\u00e4sident will die Piloten russischer Kampfflugzeuge pers\u00f6nlich f\u00fcr ihre Taten in seinem Land verantwortlich machen. Und: Die Kampfkraft von Putins Truppen ist US-Angaben zufolge gesunken. Die News.<\/p>\n","protected":false},"excerpt":{"rendered":"<p>Der ukrainische Pr\u00e4sident will die Piloten russischer Kampfflugzeuge pers\u00f6nlich f\u00fcr ihre Taten in seinem Land verantwortlich machen. Und: Die Kampfkraft von Putins Truppen ist US-Angaben zufolge gesunken. Die News.<\/p>\n","protected":false},"author":1,"featured_media":0,"comment_status":"open","ping_status":"open","sticky":false,"template":"","format":"standard","meta":{"footnotes":""},"categories":[1],"tags":[],"class_list":["post-12513","post","type-post","status-publish","format-standard","hentry","category-nachrichten"],"_links":{"self":[{"href":"https:\/\/onlinetranslators.de\/news\/wp-json\/wp\/v2\/posts\/12513","targetHints":{"allow":["GET"]}}],"collection":[{"href":"https:\/\/onlinetranslators.de\/news\/wp-json\/wp\/v2\/posts"}],"about":[{"href":"https:\/\/onlinetranslators.de\/news\/wp-json\/wp\/v2\/types\/post"}],"author":[{"embeddable":true,"href":"https:\/\/onlinetranslators.de\/news\/wp-json\/wp\/v2\/users\/1"}],"replies":[{"embeddable":true,"href":"https:\/\/onlinetranslators.de\/news\/wp-json\/wp\/v2\/comments?post=12513"}],"version-history":[{"count":0,"href":"https:\/\/onlinetranslators.de\/news\/wp-json\/wp\/v2\/posts\/12513\/revisions"}],"wp:attachment":[{"href":"https:\/\/onlinetranslators.de\/news\/wp-json\/wp\/v2\/media?parent=12513"}],"wp:term":[{"taxonomy":"category","embeddable":true,"href":"https:\/\/onlinetranslators.de\/news\/wp-json\/wp\/v2\/categories?post=12513"},{"taxonomy":"post_tag","embeddable":true,"href":"https:\/\/onlinetranslators.de\/news\/wp-json\/wp\/v2\/tags?post=12513"}],"curies":[{"name":"wp","href":"https:\/\/api.w.org\/{rel}","templated":true}]}}